{"id":6667,"date":"2024-08-29T12:37:01","date_gmt":"2024-08-29T15:37:01","guid":{"rendered":"https:\/\/partediario.com.ar\/?p=6667"},"modified":"2024-08-29T12:37:03","modified_gmt":"2024-08-29T15:37:03","slug":"aumento-salarial-de-uocra-de-cuanto-seran-los-haberes-en-agosto-y-septiembre","status":"publish","type":"post","link":"https:\/\/partediario.com.ar\/?p=6667","title":{"rendered":"Aumento salarial de UOCRA: de cu\u00e1nto ser\u00e1n los haberes en agosto y septiembre"},"content":{"rendered":"\n<h3 class=\"wp-block-heading\">La Uni\u00f3n Obrera de la Construcci\u00f3n de la Rep\u00fablica Argentina (UOCRA) y las c\u00e1maras empresarias confirmaron la firma de un nuevo acuerdo paritario con incrementos salariales para los meses de agosto y septiembre.<\/h3>\n\n\n\n<p>Luego del pago del \u00faltimo tramo del acuerdo trimestral firmado en mayo, los trabajadores del sector cobraron en julio el mismo salario que el mes previo, una situaci\u00f3n que no se repetir\u00e1 en septiembre.<\/p>\n\n\n\n<p>Semanas atr\u00e1s, desde el sindicato que encabeza Gerardo Mart\u00ednez hab\u00edan anticipado su intenci\u00f3n de firmar una nueva recomposici\u00f3n para el octavo y noveno mes del a\u00f1o, con la posibilidad de que alg\u00fan porcentaje \u201csea retroactivo al mes de julio\u201d.<\/p>\n\n\n\n<p>Sin embargo, el incremento ser\u00e1 del 9% a dividir en dos tramos: un 5% para los salarios de agosto, calculado sobre la escala vigente al 30 de junio, y un 4% para los de septiembre, calculado sobre los haberes de agosto.<\/p>\n\n\n\n<p>El \u00faltimo acuerdo con la C\u00e1mara Argentina de la Construcci\u00f3n (CAMARCO) y la Federaci\u00f3n Argentina de Entidades de la Construcci\u00f3n (FAEC) para las categor\u00edas previstas en el Convenio Colectivo de Trabajo N\u00b076\/75 se hab\u00eda rubricado en mayo y dispuso un aumento del 36% a abonar en tres tramos:<\/p>\n\n\n\n<p>En esta oportunidad, el nuevo aumento para el sector ser\u00e1 menor en t\u00e9rminos porcentuales, pero estar\u00e1 a tono con el \u00faltimo dato de la inflaci\u00f3n, que en julio marc\u00f3 un 4%.<\/p>\n\n\n\n<p><strong>Aumento para UOCRA: \u00bfcu\u00e1nto cobro en septiembre 2024?<\/strong><\/p>\n\n\n\n<p>Los trabajadores de la construcci\u00f3n cobrar\u00e1n sus salarios de agosto y de septiembre con aumentos del 5% y el 4% respectivamente. As\u00ed, bajo estas actualizaciones, los montos por hora quedar\u00e1n de la siguiente forma:<\/p>\n\n\n\n<p><\/p>\n\n\n\n<figure class=\"wp-block-image size-full\"><img loading=\"lazy\" decoding=\"async\" width=\"752\" height=\"811\" src=\"https:\/\/partediario.com.ar\/wp-content\/uploads\/scrnli_29_8_2024_12-32-19.png\" alt=\"\" class=\"wp-image-6668\" srcset=\"https:\/\/partediario.com.ar\/wp-content\/uploads\/scrnli_29_8_2024_12-32-19.png 752w, https:\/\/partediario.com.ar\/wp-content\/uploads\/scrnli_29_8_2024_12-32-19-278x300.png 278w\" sizes=\"auto, (max-width: 752px) 100vw, 752px\" \/><\/figure>\n\n\n\n<p><\/p>\n\n\n\n<p><strong>UOCRA: \u00bfcu\u00e1les son las categor\u00edas de los trabajadores?<\/strong><\/p>\n\n\n\n<p>El Convenio Colectivo de Trabajo N\u00b076\/75 establece que los aumentos se aplicar\u00e1n a los trabajadores que se desempe\u00f1en como oficiales especializados, oficiales, medio oficial, ayudantes y serenos.<\/p>\n\n\n\n<p>El monto para cada una de las categor\u00edas depender\u00e1 del lugar donde realice su actividad. En caso de trabajar en una zona donde el clima es fr\u00edo, recibir\u00e1n un adicional en su salario.<\/p>\n\n\n\n<p><strong>Categor\u00edas UOCRA<\/strong><\/p>\n\n\n\n<p>Zona A: Ciudad Aut\u00f3noma de Buenos Aires (CABA), provincia de Buenos Aires, Santiago del Estero, Santa Fe, Mendoza, San Juan, Catamarca, C\u00f3rdoba, Entre R\u00edos, Salta, Tucum\u00e1n, Chaco, La Pampa, San Luis, Corrientes, La Rioja, Formosa, Jujuy y Misiones<br>Zona B: Neuqu\u00e9n, R\u00edo Negro y Chubut<br>Zona C: Santa Cruz<br>Zona C Austral: Tierra del Fuego<\/p>\n","protected":false},"excerpt":{"rendered":"<p>La Uni&oacute;n Obrera de la Construcci&oacute;n de la Rep&uacute;blica Argentina (UOCRA) y las c&aacute;maras empresarias confirmaron la firma de un nuevo acuerdo paritario con incrementos salariales para los meses de agosto y septiembre. Luego del pago del &uacute;ltimo tramo del acuerdo trimestral firmado en mayo, los trabajadores del sector cobraron en julio el mismo salario [&hellip;]<\/p>\n","protected":false},"author":2,"featured_media":6669,"comment_status":"open","ping_status":"open","sticky":false,"template":"","format":"standard","meta":{"footnotes":""},"categories":[978,5],"tags":[622,2887],"class_list":["post-6667","post","type-post","status-publish","format-standard","has-post-thumbnail","hentry","category-gremiales","category-nacionales","tag-aumento","tag-uocra"],"_links":{"self":[{"href":"https:\/\/partediario.com.ar\/index.php?rest_route=\/wp\/v2\/posts\/6667","targetHints":{"allow":["GET"]}}],"collection":[{"href":"https:\/\/partediario.com.ar\/index.php?rest_route=\/wp\/v2\/posts"}],"about":[{"href":"https:\/\/partediario.com.ar\/index.php?rest_route=\/wp\/v2\/types\/post"}],"author":[{"embeddable":true,"href":"https:\/\/partediario.com.ar\/index.php?rest_route=\/wp\/v2\/users\/2"}],"replies":[{"embeddable":true,"href":"https:\/\/partediario.com.ar\/index.php?rest_route=%2Fwp%2Fv2%2Fcomments&post=6667"}],"version-history":[{"count":1,"href":"https:\/\/partediario.com.ar\/index.php?rest_route=\/wp\/v2\/posts\/6667\/revisions"}],"predecessor-version":[{"id":6670,"href":"https:\/\/partediario.com.ar\/index.php?rest_route=\/wp\/v2\/posts\/6667\/revisions\/6670"}],"wp:featuredmedia":[{"embeddable":true,"href":"https:\/\/partediario.com.ar\/index.php?rest_route=\/wp\/v2\/media\/6669"}],"wp:attachment":[{"href":"https:\/\/partediario.com.ar\/index.php?rest_route=%2Fwp%2Fv2%2Fmedia&parent=6667"}],"wp:term":[{"taxonomy":"category","embeddable":true,"href":"https:\/\/partediario.com.ar\/index.php?rest_route=%2Fwp%2Fv2%2Fcategories&post=6667"},{"taxonomy":"post_tag","embeddable":true,"href":"https:\/\/partediario.com.ar\/index.php?rest_route=%2Fwp%2Fv2%2Ftags&post=6667"}],"curies":[{"name":"wp","href":"https:\/\/api.w.org\/{rel}","templated":true}]}}