{"id":6677,"date":"2024-08-29T18:59:13","date_gmt":"2024-08-29T21:59:13","guid":{"rendered":"https:\/\/partediario.com.ar\/?p=6677"},"modified":"2024-08-29T18:59:14","modified_gmt":"2024-08-29T21:59:14","slug":"villarruel-rechazara-la-expulsion-de-paoltroni-del-bloque-de-la-libertad-avanza","status":"publish","type":"post","link":"https:\/\/partediario.com.ar\/?p=6677","title":{"rendered":"Villarruel rechazar\u00e1 la expulsi\u00f3n de Paoltroni del bloque de La Libertad Avanza"},"content":{"rendered":"\n<h3 class=\"wp-block-heading\">La vicepresidenta y titular del Senado, Victoria Villarruel, rechazar\u00e1 la solicitud que firmaron cuatro senadores del bloque de La Libertad Avanza (LLA) en la que solicitan la expulsi\u00f3n de Francisco Paoltroni (Formosa), quien ya constituy\u00f3 su propio monobloque al que denomin\u00f3 \u201cLibertad, Trabajo y Progreso\u201d.<\/h3>\n\n\n\n<p>Villarruel lo har\u00e1 por accionar \u201cimprocedente\u201d. Los legisladores oficialistas piden que la propia Villarruel sea quien expulse a Paoltroni por \u201cdiferencias irreconciliables\u201d. No obstante, el apartamiento de un miembro de un bloque no est\u00e1 entre las facultades de la presidenta del Senado.<\/p>\n\n\n\n<p>El petitorio lleva la firma del jefe de LLA, Federico Atauche, y los senadores Juan Carlos Pagotto, Vilma Bedia, Bartolom\u00e9 Abdala, Ivanna Arrascaeta y Bruno Olivera. Horas antes de que los legisladores impulsaran la expulsi\u00f3n de Paoltroni, en la Casa Rosada ya maduraba la idea de que el destino del formose\u00f1o terminara siendo el mismo de la diputada Lourdes Arrieta.<\/p>\n\n\n\n<p>La tensi\u00f3n se increment\u00f3 en las \u00faltimas horas al ritmo de las declaraciones de Paoltroni al cuestionar la decisi\u00f3n del presidente Javier Milei de otorgar 100 mil millones de pesos a la Secretar\u00eda de Inteligencia de Estado cuando \u201cno hay plata para los jubilados\u201d; sumado a sus persistentes cr\u00edticas a Ariel Lijo, candadito de Milei para integrar la Corte Suprema.<\/p>\n\n\n\n<p>Paoltroni ya hab\u00eda sido advertido por el Ejecutivo. Fue en un encuentro reservado con el influyente asesor presidencial Santiago Caputo en la propia Casa Rosada. All\u00ed, al senador se lo interpel\u00f3 por declaraciones sobre Lijo. De todas formas, Paoltroni continu\u00f3 con sus cr\u00edticas al juez federal.<\/p>\n\n\n\n<p><\/p>\n\n\n\n<blockquote class=\"twitter-tweet\"><p lang=\"es\" dir=\"ltr\">A pesar de mi apartamiento del bloque, ratifico mi apoyo y acompa\u00f1amiento al presidente <a href=\"https:\/\/twitter.com\/JMilei?ref_src=twsrc%5Etfw\">@JMilei<\/a>, respetando el mandato popular y manteni\u00e9ndome firme en una de las promesas que hicimos en campa\u00f1a: terminar con la casta y trabajar por una justicia de calidad, independiente, con\u2026 <a href=\"https:\/\/t.co\/DKjmCRF9wx\">pic.twitter.com\/DKjmCRF9wx<\/a><\/p>&mdash; Francisco Paoltroni (@PaoltroniF) <a href=\"https:\/\/twitter.com\/PaoltroniF\/status\/1829231226353594581?ref_src=twsrc%5Etfw\">August 29, 2024<\/a><\/blockquote> <script async src=\"https:\/\/platform.twitter.com\/widgets.js\" charset=\"utf-8\"><\/script>\n\n\n\n<p><\/p>\n\n\n\n<p>Luego de varias horas de silencio, Paoltroni reapareci\u00f3 en la escena comunicando la creaci\u00f3n de un monobloque a trav\u00e9s de su cuenta de X donde ratific\u00f3 su \u201capoyo y acompa\u00f1amiento\u201d a Milei; \u201crespetando el mandato popular y manteni\u00e9ndome firme en una de las promesas que hicimos en campa\u00f1a: terminar con la casta y trabajar por una justicia de calidad, independiente, con jueces probos que garanticen seguridad y confianza\u201d.<\/p>\n\n\n\n<p><strong>Villarruel carg\u00f3 contra la prensa<\/strong><\/p>\n\n\n\n<p>Villarruel critic\u00f3 a la medios de comunicaci\u00f3n que dieron cuenta de su rechazo a la solicitud del bloque libertario -tal cual fue informado por su oficina- para expulsar al senador Paoltroni siguiendo los pasos del presidente Javier Milei.<\/p>\n\n\n\n<p><\/p>\n\n\n\n<blockquote class=\"twitter-tweet\"><p lang=\"es\" dir=\"ltr\">Al periodismo pautero y mala leche le digo que deje de buscar titulares que dividen y ded\u00edquense a informar sin hacer amarillismo. Presidencia del Senado no decide la expulsi\u00f3n o inclusi\u00f3n de los senadores miembros de los bloques, eso lo hacen los mismos bloques y como no era\u2026 <a href=\"https:\/\/t.co\/25dUc2cuoN\">pic.twitter.com\/25dUc2cuoN<\/a><\/p>&mdash; Victoria Villarruel (@VickyVillarruel) <a href=\"https:\/\/twitter.com\/VickyVillarruel\/status\/1829184427349758375?ref_src=twsrc%5Etfw\">August 29, 2024<\/a><\/blockquote> <script async src=\"https:\/\/platform.twitter.com\/widgets.js\" charset=\"utf-8\"><\/script>\n\n\n\n<p><\/p>\n\n\n\n<p>\u201cAl periodismo pautero y mala leche le digo que deje de buscar titulares que dividen y ded\u00edquense a informar sin hacer amarillismo\u201d, dispar\u00f3 la vice presidente desde su cuenta de X e Instagram.<\/p>\n\n\n\n<p>Y a\u00f1adi\u00f3 que: \u201cPresidencia del Senado no decide la expulsi\u00f3n o inclusi\u00f3n de los senadores miembros de los bloques, eso lo hacen los mismos bloques y como no era correcto el pedido presentado por el senador Atauche se le pidi\u00f3 que cumpla con la formalidad de solicitarlo como corresponde\u201d.<\/p>\n\n\n\n<p>Finalizando, Villarruel sostuvo que \u201cel periodismo que inventa es una de las razones por las que la gente se cans\u00f3 y vot\u00f3 a Milei\u201d.<\/p>\n","protected":false},"excerpt":{"rendered":"<p>La vicepresidenta y titular del Senado, Victoria Villarruel, rechazar&aacute; la solicitud que firmaron cuatro senadores del bloque de La Libertad Avanza (LLA) en la que solicitan la expulsi&oacute;n de Francisco Paoltroni (Formosa), quien ya constituy&oacute; su propio monobloque al que denomin&oacute; &ldquo;Libertad, Trabajo y Progreso&rdquo;. Villarruel lo har&aacute; por accionar &ldquo;improcedente&rdquo;. Los legisladores oficialistas piden [&hellip;]<\/p>\n","protected":false},"author":2,"featured_media":6678,"comment_status":"open","ping_status":"open","sticky":false,"template":"","format":"standard","meta":{"footnotes":""},"categories":[5,176],"tags":[2880,232,393,233],"class_list":["post-6677","post","type-post","status-publish","format-standard","has-post-thumbnail","hentry","category-nacionales","category-politica","tag-francisco-paoltroni","tag-javier-milei","tag-lla","tag-victoria-villarruel"],"_links":{"self":[{"href":"https:\/\/partediario.com.ar\/index.php?rest_route=\/wp\/v2\/posts\/6677","targetHints":{"allow":["GET"]}}],"collection":[{"href":"https:\/\/partediario.com.ar\/index.php?rest_route=\/wp\/v2\/posts"}],"about":[{"href":"https:\/\/partediario.com.ar\/index.php?rest_route=\/wp\/v2\/types\/post"}],"author":[{"embeddable":true,"href":"https:\/\/partediario.com.ar\/index.php?rest_route=\/wp\/v2\/users\/2"}],"replies":[{"embeddable":true,"href":"https:\/\/partediario.com.ar\/index.php?rest_route=%2Fwp%2Fv2%2Fcomments&post=6677"}],"version-history":[{"count":1,"href":"https:\/\/partediario.com.ar\/index.php?rest_route=\/wp\/v2\/posts\/6677\/revisions"}],"predecessor-version":[{"id":6679,"href":"https:\/\/partediario.com.ar\/index.php?rest_route=\/wp\/v2\/posts\/6677\/revisions\/6679"}],"wp:featuredmedia":[{"embeddable":true,"href":"https:\/\/partediario.com.ar\/index.php?rest_route=\/wp\/v2\/media\/6678"}],"wp:attachment":[{"href":"https:\/\/partediario.com.ar\/index.php?rest_route=%2Fwp%2Fv2%2Fmedia&parent=6677"}],"wp:term":[{"taxonomy":"category","embeddable":true,"href":"https:\/\/partediario.com.ar\/index.php?rest_route=%2Fwp%2Fv2%2Fcategories&post=6677"},{"taxonomy":"post_tag","embeddable":true,"href":"https:\/\/partediario.com.ar\/index.php?rest_route=%2Fwp%2Fv2%2Ftags&post=6677"}],"curies":[{"name":"wp","href":"https:\/\/api.w.org\/{rel}","templated":true}]}}