{"id":6680,"date":"2024-08-29T19:07:18","date_gmt":"2024-08-29T22:07:18","guid":{"rendered":"https:\/\/partediario.com.ar\/?p=6680"},"modified":"2024-08-29T19:07:20","modified_gmt":"2024-08-29T22:07:20","slug":"la-familia-de-loan-pena-echo-a-fernando-burlando-y-ya-no-representa-a-la-familia","status":"publish","type":"post","link":"https:\/\/partediario.com.ar\/?p=6680","title":{"rendered":"La familia de Loan Pe\u00f1a ech\u00f3 a Fernando Burlando y ya no representa a la familia"},"content":{"rendered":"\n<h3 class=\"wp-block-heading\">El abogado Fernando Burlando anunci\u00f3 que dejar\u00e1 el caso Loan Danilo Pe\u00f1a, el ni\u00f1o de cinco a\u00f1os desaparecido en Corrientes hace m\u00e1s de 70 d\u00edas, y no representar\u00e1 m\u00e1s a la familia. La querella queda a cargo de Roberto M\u00e9ndez, quien hab\u00eda asumido la representaci\u00f3n de los Pe\u00f1a en el inicio de la causa.<\/h3>\n\n\n\n<p>\u201cNo estoy m\u00e1s, me revoc\u00f3 sin avisar\u201c, cont\u00f3 el medi\u00e1tico letrado. Se\u00f1al\u00f3 adem\u00e1s que se trat\u00f3 de una decisi\u00f3n aprobada por la mam\u00e1 del ni\u00f1o, Mar\u00eda Luisa Noguera (46), y por Jos\u00e9 Omar Pe\u00f1a (25), el hermano.<\/p>\n\n\n\n<p>Burlando dej\u00f3 entrever que los familiares de Loan \u201cestar\u00edan relacionados con Vald\u00e9s\u201c, gobernador de Corrientes.<\/p>\n\n\n\n<p>\u201cRevocar el mandato conferido a los Dres. Fernando Andr\u00e9s Burlando y Sergio Gustavo Briend, otorgado oportunamente por la Sra. Mar\u00eda Luisa Noguera y el Sr. Jos\u00e9 Omar Pe\u00f1a, asumiendo la totalidad de la querella por quien suscribe\u201d, precisa el escrito de M\u00e9ndez que avala la resoluci\u00f3n.<\/p>\n\n\n\n<p>En una de las \u00faltimas apariciones p\u00fablicas que hizo en relaci\u00f3n al caso del ni\u00f1o correntino desaparecido desde el 13 de junio en Corrientes, el abogado protagoniz\u00f3 un fuerte cruce con Jos\u00e9 Pe\u00f1a, uno de los hermanos de Loan, donde le dijo: \u201cNo voy a permitir que critiquen y digan pavadas\u201d.<\/p>\n\n\n\n<p>Junto con las revocatorias, M\u00e9ndez present\u00f3 dos nuevos pedidos: la recreaci\u00f3n de la secuencia del naranjal \u2013lo \u00faltimo que se sabe de Loan\u2013 basada en las declaraciones que los otros menores del grupo dieron en c\u00e1mara Gesell, y adem\u00e1s la reconstrucci\u00f3n de la escena del almuerzo previo, que tuvo lugar en la casa de Catalina Pe\u00f1a, esta vez, poniendo el foco especialmente en lo que hicieron los adultos que participaron de la comida.<\/p>\n","protected":false},"excerpt":{"rendered":"<p>El abogado Fernando Burlando anunci&oacute; que dejar&aacute; el caso Loan Danilo Pe&ntilde;a, el ni&ntilde;o de cinco a&ntilde;os desaparecido en Corrientes hace m&aacute;s de 70 d&iacute;as, y no representar&aacute; m&aacute;s a la familia. La querella queda a cargo de Roberto M&eacute;ndez, quien hab&iacute;a asumido la representaci&oacute;n de los Pe&ntilde;a en el inicio de la causa. &ldquo;No [&hellip;]<\/p>\n","protected":false},"author":2,"featured_media":6681,"comment_status":"open","ping_status":"open","sticky":false,"template":"","format":"standard","meta":{"footnotes":""},"categories":[979,5],"tags":[448,889,489,2891],"class_list":["post-6680","post","type-post","status-publish","format-standard","has-post-thumbnail","hentry","category-judiciales","category-nacionales","tag-corrientes","tag-fernando-burlando","tag-loan-danilo-pena","tag-roberto-mendez"],"_links":{"self":[{"href":"https:\/\/partediario.com.ar\/index.php?rest_route=\/wp\/v2\/posts\/6680","targetHints":{"allow":["GET"]}}],"collection":[{"href":"https:\/\/partediario.com.ar\/index.php?rest_route=\/wp\/v2\/posts"}],"about":[{"href":"https:\/\/partediario.com.ar\/index.php?rest_route=\/wp\/v2\/types\/post"}],"author":[{"embeddable":true,"href":"https:\/\/partediario.com.ar\/index.php?rest_route=\/wp\/v2\/users\/2"}],"replies":[{"embeddable":true,"href":"https:\/\/partediario.com.ar\/index.php?rest_route=%2Fwp%2Fv2%2Fcomments&post=6680"}],"version-history":[{"count":1,"href":"https:\/\/partediario.com.ar\/index.php?rest_route=\/wp\/v2\/posts\/6680\/revisions"}],"predecessor-version":[{"id":6682,"href":"https:\/\/partediario.com.ar\/index.php?rest_route=\/wp\/v2\/posts\/6680\/revisions\/6682"}],"wp:featuredmedia":[{"embeddable":true,"href":"https:\/\/partediario.com.ar\/index.php?rest_route=\/wp\/v2\/media\/6681"}],"wp:attachment":[{"href":"https:\/\/partediario.com.ar\/index.php?rest_route=%2Fwp%2Fv2%2Fmedia&parent=6680"}],"wp:term":[{"taxonomy":"category","embeddable":true,"href":"https:\/\/partediario.com.ar\/index.php?rest_route=%2Fwp%2Fv2%2Fcategories&post=6680"},{"taxonomy":"post_tag","embeddable":true,"href":"https:\/\/partediario.com.ar\/index.php?rest_route=%2Fwp%2Fv2%2Ftags&post=6680"}],"curies":[{"name":"wp","href":"https:\/\/api.w.org\/{rel}","templated":true}]}}