{"id":6691,"date":"2024-08-30T10:26:27","date_gmt":"2024-08-30T13:26:27","guid":{"rendered":"https:\/\/partediario.com.ar\/?p=6691"},"modified":"2024-08-30T10:26:27","modified_gmt":"2024-08-30T13:26:27","slug":"lo-conocia-viralizan-un-video-de-patricia-bullrich-y-german-kiczka-en-campana-de-juntos-por-el-cambio","status":"publish","type":"post","link":"https:\/\/partediario.com.ar\/?p=6691","title":{"rendered":"Lo conoc\u00eda: viralizan un video de Patricia Bullrich y Germ\u00e1n Kiczka en campa\u00f1a de Juntos por el \u00abCambio\u00bb"},"content":{"rendered":"\n<h3 class=\"wp-block-heading\">En medio del esc\u00e1ndalo protagonizado por el ahora ex diputado libertario Germ\u00e1n Kiczka y su hermano Sebasti\u00e1n, acusados de tenencia de material de abuso sexual infantil y pedofilia, se conoci\u00f3 un video de Patricia Bullrich con \u00e9l en plena campa\u00f1a.<\/h3>\n\n\n\n<p>En el video de campa\u00f1a, perteneciente a las \u00faltimas elecciones (2023), se puede ver al ex legislador misionero y a la actual ministra de Seguridad, los dos vestidos con colores claros. \u00abEstoy con Germ\u00e1n Kiczka, candidato a diputado provincial\u00bb, presentaba Bullrich.<\/p>\n\n\n\n<p>Sobre el por entonces candidato a legislador provincial, lo presentaba \u00abComo licenciado en Relaciones Internacionales sue\u00f1a con una Misiones integrada, con producci\u00f3n y trabajo, sue\u00f1a que cada misionero tenga su empleo y que cada uno pueda ser emprendedor\u00bb.<\/p>\n\n\n\n<p><\/p>\n\n\n\n<figure class=\"wp-block-embed is-type-video is-provider-youtube wp-block-embed-youtube wp-embed-aspect-16-9 wp-has-aspect-ratio\"><div class=\"wp-block-embed__wrapper\">\n<iframe loading=\"lazy\" title=\"El spot de Patricia Bullrich con el ex diputado Germ\u00e1n Kiczka\" width=\"640\" height=\"360\" src=\"https:\/\/www.youtube.com\/embed\/57iCB5kwYEE?feature=oembed\" frameborder=\"0\" allow=\"accelerometer; autoplay; clipboard-write; encrypted-media; gyroscope; picture-in-picture; web-share\" referrerpolicy=\"strict-origin-when-cross-origin\" allowfullscreen><\/iframe>\n<\/div><\/figure>\n\n\n\n<p><\/p>\n\n\n\n<p>\u00abMucha suerte para esta elecci\u00f3n\u00bb, finaliza el mensaje de Patricia Bullrich.<\/p>\n\n\n\n<p>Mientras la Justicia espera por la declaraci\u00f3n de Germ\u00e1n Kiczcka, y su hermano, ya detenidos y en manos de la justicia acusados de tener y difundir material de abuso sexual infantil. Ahora, se conocieron estremecedores videos y chats que los comprometen.<\/p>\n\n\n\n<p>Tras una denuncia por pedofilia que desat\u00f3 el inicio de una investigaci\u00f3n en la Justicia misionera, el 28 de febrero se orden\u00f3 un el allanamiento de la casa que el legislador y su hermano ten\u00edan en la localidad de Ap\u00f3stoles, donde se secuestraron decena de celulares y notebooks y juguetes sexuales.<\/p>\n\n\n\n<p>Durante el an\u00e1lisis de los dispositivos, los peritos encontraron fotos, videos y chats aberrantes de ni\u00f1os abusados que calificaron como \u00abirreproducibles\u00bb. Espec\u00edficamente a Germ\u00e1n Kiczka, que perdi\u00f3 los fueros esta semana, le secuestraron una notebook marca Acer, donde hallaron \u201carchivos de videos de una persona de sexo femenino que seg\u00fan lo que expresa la misma en el video, ten\u00eda 16 a\u00f1os\u201d e \u201cim\u00e1genes y varios archivos de video de pr\u00e1cticas zoof\u00edlicas que involucran a menores, con una edad presuntiva, inferior a 13 a\u00f1os, en actos sexuales con animales\u201d, se\u00f1ala el informe judicial.<\/p>\n\n\n\n<p>Adem\u00e1s se descubri\u00f3 que el diputados provincial utilizaba la aplicaci\u00f3n eMule para compartir todo tipo de archivos, que por la falta de control suele ser usado por ped\u00f3filos. En esa app, los peritos explicaron a Infobae que : \u00abel usuario &#8216;German&#8217; ten\u00eda una carpeta llamada &#8216;incoming&#8217;, donde hab\u00eda dos subcarpetas creadas con los nombres &#8216;Nueva carpeta&#8217; y &#8216;Nueva Carpeta 2&#8242;\u00bb, en su interior se pudieron visualizar los archivos en cuesti\u00f3n.<\/p>\n\n\n\n<p><strong>Qui\u00e9n es Germ\u00e1n Kiczka<\/strong><\/p>\n\n\n\n<p>Kiczka, de 44 a\u00f1os, arrib\u00f3 a la C\u00e1mara de Diputados en 2021, tiene una estrecha relaci\u00f3n con Pedro Puerta, hijo del exgobernador, y expresidente Ram\u00f3n Puerta. Forma parte del partido Activar, aliado en la actualidad de La Libertad Avanza aunque antes perteneci\u00f3 a Juntos por el Cambio.<\/p>\n\n\n\n<p>Entre mayo y agosto del 2020, el legislador y su hermano realizaron y publicaron en YouTube una serie de seis videos para chicos bajo el t\u00edtulo \u201cLa magia del t\u00edo Germ\u00e1n\u201d, d\u00f3nde hac\u00eda trucos de magia y experimentos, que se estiman estaban orientados a captar menores de edad.<\/p>\n","protected":false},"excerpt":{"rendered":"<p>En medio del esc&aacute;ndalo protagonizado por el ahora ex diputado libertario Germ&aacute;n Kiczka y su hermano Sebasti&aacute;n, acusados de tenencia de material de abuso sexual infantil y pedofilia, se conoci&oacute; un video de Patricia Bullrich con &eacute;l en plena campa&ntilde;a. En el video de campa&ntilde;a, perteneciente a las &uacute;ltimas elecciones (2023), se puede ver al [&hellip;]<\/p>\n","protected":false},"author":2,"featured_media":6692,"comment_status":"open","ping_status":"open","sticky":false,"template":"","format":"standard","meta":{"footnotes":""},"categories":[979,5],"tags":[2830,510],"class_list":["post-6691","post","type-post","status-publish","format-standard","has-post-thumbnail","hentry","category-judiciales","category-nacionales","tag-german-kiczka","tag-patricia-bullrich"],"_links":{"self":[{"href":"https:\/\/partediario.com.ar\/index.php?rest_route=\/wp\/v2\/posts\/6691","targetHints":{"allow":["GET"]}}],"collection":[{"href":"https:\/\/partediario.com.ar\/index.php?rest_route=\/wp\/v2\/posts"}],"about":[{"href":"https:\/\/partediario.com.ar\/index.php?rest_route=\/wp\/v2\/types\/post"}],"author":[{"embeddable":true,"href":"https:\/\/partediario.com.ar\/index.php?rest_route=\/wp\/v2\/users\/2"}],"replies":[{"embeddable":true,"href":"https:\/\/partediario.com.ar\/index.php?rest_route=%2Fwp%2Fv2%2Fcomments&post=6691"}],"version-history":[{"count":1,"href":"https:\/\/partediario.com.ar\/index.php?rest_route=\/wp\/v2\/posts\/6691\/revisions"}],"predecessor-version":[{"id":6693,"href":"https:\/\/partediario.com.ar\/index.php?rest_route=\/wp\/v2\/posts\/6691\/revisions\/6693"}],"wp:featuredmedia":[{"embeddable":true,"href":"https:\/\/partediario.com.ar\/index.php?rest_route=\/wp\/v2\/media\/6692"}],"wp:attachment":[{"href":"https:\/\/partediario.com.ar\/index.php?rest_route=%2Fwp%2Fv2%2Fmedia&parent=6691"}],"wp:term":[{"taxonomy":"category","embeddable":true,"href":"https:\/\/partediario.com.ar\/index.php?rest_route=%2Fwp%2Fv2%2Fcategories&post=6691"},{"taxonomy":"post_tag","embeddable":true,"href":"https:\/\/partediario.com.ar\/index.php?rest_route=%2Fwp%2Fv2%2Ftags&post=6691"}],"curies":[{"name":"wp","href":"https:\/\/api.w.org\/{rel}","templated":true}]}}