{"id":6694,"date":"2024-08-30T10:38:37","date_gmt":"2024-08-30T13:38:37","guid":{"rendered":"https:\/\/partediario.com.ar\/?p=6694"},"modified":"2024-08-30T10:38:38","modified_gmt":"2024-08-30T13:38:38","slug":"polemico-caso-en-la-justicia-entrerriana","status":"publish","type":"post","link":"https:\/\/partediario.com.ar\/?p=6694","title":{"rendered":"Pol\u00e9mico caso en la Justicia entrerriana"},"content":{"rendered":"\n<h3 class=\"wp-block-heading\">El Abogado, Jos\u00e9 barbagellata, es abogado defensor de Miguel Pellegrini, el hombre acusado de asesinar a Mar\u00eda Susana Altamirano. Se encuentra privado de su libertad. La defensa pide la morigeraci\u00f3n de la pena, present\u00f3 una solicitud de pericia psicol\u00f3gica y psiqui\u00e1trica.<\/h3>\n\n\n\n<p>Pelegrini est\u00e1 acusado de femicidio, y todos los indicios indicar\u00edan que es el autor del asesinato de Mar\u00eda Susana Altamirano. Al principio de la investigaci\u00f3n se hablo de una relaci\u00f3n de pareja, pero mas tarde se estableci\u00f3 que el d\u00eda del fatal suceso, era la primera vez que se encontrar\u00edan f\u00edsicamente, ya que la relaci\u00f3n existente hasta ese momento, solo se hab\u00eda consumado v\u00eda mensajes de texto por las redes sociales, por lo tanto se descarta el vinculo de pareja. Los elementos recolectados y las pruebas en contra del acusado, indicar\u00edan fehacientemente que ese d\u00eda ambos estuvieron juntos, que la mujer se encontr\u00f3 con \u00e9l, que estuvo en el auto del acusado.<\/p>\n\n\n\n<p>La defensa no plantea la inocencia de su defendido, sino la comprensi\u00f3n que tiene el individuo, su capacidad para comprender el acto criminal. Dada una serie de situaciones en el comportamiento del acusado, bas\u00e1ndose en el testimonio y versi\u00f3n del mismo acusado es que la defensa, solicita una serie de an\u00e1lisis y pruebas psicol\u00f3gicas y psiqui\u00e1tricas, para determinar el grado de incomprensi\u00f3n si lo hubiere y la patolog\u00eda que podr\u00eda sufrir el acusado , como tambi\u00e9n la posibilidad del arresto domiciliario, con las mismas condiciones de restricci\u00f3n y medidas de seguridad que afronta en una unidad carcelaria .<\/p>\n\n\n\n<p>Barbaghelata, quien considera el asesinato como un hecho aberrante y repudiable, declar\u00f3 que ya formalizo ante la fiscal\u00eda de la ciudad de Diamante , la solicitud de las pericias Psicol\u00f3gicas, \u201ces fundamental el resultado de las pericias, como prueba objetiva para determinar la pena que le corresponde a cualquier ciudadano que comete un delito\u201d. Haciendo referencia a la igualdad de condiciones ante la ley, en la plena defensa y garant\u00eda de los derechos de todos los ciudadanos.<\/p>\n\n\n\n<p>El caso de Pellegri es algo particular, ya que la defensa \u201cmanifiesta que se encontraron con una persona que habr\u00eda cometido un delito aberrante y que cuenta con un certificado de discapacidad por una patolog\u00eda compleja, es por ello que merece ser observado por el equipo forense\u201d declar\u00f3 y agreg\u00f3 que \u201c la situaci\u00f3n patol\u00f3gica que \u00e9l padece , tiene o puede tener un deterioro , la situaci\u00f3n puntual es ver en su cerebro el l\u00f3bulo frontal que tiene o podr\u00eda tener ataques compulsivo que hacen un diagn\u00f3stico r\u00e1pido por lo que \u00e9l narra \u201c narr\u00f3 Barbaghelata para argumentar el pedido a la Fiscal\u00eda.<\/p>\n\n\n\n<p>\u201cEs ver cual es la posibilidad que el tuvo de tener conciencia, ver cual es la criminalidad del individuo, para poder establecer cu\u00e1l es la cuant\u00eda y raz\u00f3n de la pena\u201d.<\/p>\n\n\n\n<p>En cuanto a la situaci\u00f3n de su defendido, donde la el delito est\u00e1 doblemente calificado hay una situaci\u00f3n por el v\u00ednculo. La situaci\u00f3n del acusado deber\u00e1 sufrir modificaciones ya que el cause de la investigaci\u00f3n determin\u00f3 entre otras cosas que no existi\u00f3 el v\u00ednculo, ya que el d\u00eda del fatal suceso era la primera vez que concertaron un encuentro f\u00edsico, hasta ese d\u00eda todo era de manera virtual.<\/p>\n\n\n\n<p><strong>Advertencia<\/strong><\/p>\n\n\n\n<p>Que el caso de Altamirano tambi\u00e9n sirva para que muchas personas encienden el alerta, ya que toman contacto por redes sociales, mediante mensajes de texto, sin conocerse previamente, nunca antes hab\u00edan tomado contacto, \u201ctodo ese relato est\u00e1 comprobado y confirmado por las pericias y elementos como c\u00e1maras de seguridad y peritaje electr\u00f3nicos, tanto el encuentro como la presencia de los dos en el auto de Pellegrini.<\/p>\n\n\n\n<p>Maria Susana Altamirano, muere por una estrangulaci\u00f3n mec\u00e1nica, por la mano o un objeto, y el cuerpo es descartado en la ruta que une las localidades de villa libertador San Mart\u00edn y Diamante . Seg\u00fan el abogado defensor, el acusado le manifest\u00f3 que \u201c comenzaron a discutir y que luego no se acuerda de nada\u201d y aclara que \u201c es posible que se haga pasar por una situaci\u00f3n determinada para desentenderse del hecho\u201d pero resalta que \u201c es por ello que se solicitan todas las medidas y pericias correspondientes\u201d. La autopsia tambi\u00e9n determin\u00f3 que no se produjo violencia en la muerte.<\/p>\n\n\n\n<p>\u201cQueremos determinar la cuant\u00eda del hecho en el homicidio, uno tiene que tener la voluntad de quitarle la vida a otro, despu\u00e9s debemos ver si fue un accidente, si fue intencional ,es ah\u00ed es donde debemos determinar la pena, el da\u00f1o generado al tejido social, ver seg\u00fan el comportamiento de la persona, cu\u00e1l es la pena \u201c expres\u00f3.<\/p>\n\n\n\n<p>Jos\u00e9 Barbaghelata, expres\u00f3 que \u201cse encuentran ante una situaci\u00f3n en que se descarta que fueron pareja, la situaci\u00f3n a resolver en la crisis en contexto jur\u00eddico, es ver si fue en contexto de g\u00e9nero que eso tambi\u00e9n es real, ahora tendremos que determinar en qu\u00e9 circunstancia y porque motivo, qu\u00e9 pas\u00f3, la patolog\u00eda de mi defendido tiene reacciones donde puede tener p\u00e9rdida de conciencia\u201d. Por \u00faltimo apunt\u00f3 que \u00absolo busca mayor luz a un hecho muy particular\u201d.<\/p>\n\n\n\n<p><strong>Retraso madurativo<\/strong><\/p>\n\n\n\n<p>Con el retraso madurativo \u00e9l y los que tienen esa patolog\u00eda se pueden manejar con ciertas limitaciones, por ejemplo a nivel laboral necesita estar acompa\u00f1ado por una persona que los gu\u00ede y le ordene las tareas , y repetirla incluso en varias oportunidades.<\/p>\n\n\n\n<p>Sigue preso, solicit\u00f3 la prisi\u00f3n domiciliaria , ya se realizaron las pericias y se aguarda la audiencia con el juez de garant\u00edas , que se realizar\u00e1 la semana pr\u00f3xima y desde la defensa argumentan que \u201c Se busca un fin humanitario estamos ante una persona que no comprendi\u00f3 la criminalidad del acto , pero si entiende que se quit\u00f3 una vida\u201d. Fuente: Radio La Voz<\/p>\n","protected":false},"excerpt":{"rendered":"<p>El Abogado, Jos&eacute; barbagellata, es abogado defensor de Miguel Pellegrini, el hombre acusado de asesinar a Mar&iacute;a Susana Altamirano. Se encuentra privado de su libertad. La defensa pide la morigeraci&oacute;n de la pena, present&oacute; una solicitud de pericia psicol&oacute;gica y psiqui&aacute;trica. Pelegrini est&aacute; acusado de femicidio, y todos los indicios indicar&iacute;an que es el autor [&hellip;]<\/p>\n","protected":false},"author":2,"featured_media":6695,"comment_status":"open","ping_status":"open","sticky":false,"template":"","format":"standard","meta":{"footnotes":""},"categories":[979,6],"tags":[327,2895,273,2896],"class_list":["post-6694","post","type-post","status-publish","format-standard","has-post-thumbnail","hentry","category-judiciales","category-locales","tag-diamante","tag-jose-barbagelata","tag-maria-susana-altamirano","tag-miguel-pellegrini"],"_links":{"self":[{"href":"https:\/\/partediario.com.ar\/index.php?rest_route=\/wp\/v2\/posts\/6694","targetHints":{"allow":["GET"]}}],"collection":[{"href":"https:\/\/partediario.com.ar\/index.php?rest_route=\/wp\/v2\/posts"}],"about":[{"href":"https:\/\/partediario.com.ar\/index.php?rest_route=\/wp\/v2\/types\/post"}],"author":[{"embeddable":true,"href":"https:\/\/partediario.com.ar\/index.php?rest_route=\/wp\/v2\/users\/2"}],"replies":[{"embeddable":true,"href":"https:\/\/partediario.com.ar\/index.php?rest_route=%2Fwp%2Fv2%2Fcomments&post=6694"}],"version-history":[{"count":1,"href":"https:\/\/partediario.com.ar\/index.php?rest_route=\/wp\/v2\/posts\/6694\/revisions"}],"predecessor-version":[{"id":6696,"href":"https:\/\/partediario.com.ar\/index.php?rest_route=\/wp\/v2\/posts\/6694\/revisions\/6696"}],"wp:featuredmedia":[{"embeddable":true,"href":"https:\/\/partediario.com.ar\/index.php?rest_route=\/wp\/v2\/media\/6695"}],"wp:attachment":[{"href":"https:\/\/partediario.com.ar\/index.php?rest_route=%2Fwp%2Fv2%2Fmedia&parent=6694"}],"wp:term":[{"taxonomy":"category","embeddable":true,"href":"https:\/\/partediario.com.ar\/index.php?rest_route=%2Fwp%2Fv2%2Fcategories&post=6694"},{"taxonomy":"post_tag","embeddable":true,"href":"https:\/\/partediario.com.ar\/index.php?rest_route=%2Fwp%2Fv2%2Ftags&post=6694"}],"curies":[{"name":"wp","href":"https:\/\/api.w.org\/{rel}","templated":true}]}}