{"id":6714,"date":"2024-08-30T18:25:37","date_gmt":"2024-08-30T21:25:37","guid":{"rendered":"https:\/\/partediario.com.ar\/?p=6714"},"modified":"2024-08-30T18:25:38","modified_gmt":"2024-08-30T21:25:38","slug":"patricia-bullrich-apunto-contra-mauricio-macri-ayuda-al-gobierno-expreso","status":"publish","type":"post","link":"https:\/\/partediario.com.ar\/?p=6714","title":{"rendered":"Patricia Bullrich apunt\u00f3 contra Mauricio Macri: \u201cAyud\u00e1 al Gobierno\u201d, expres\u00f3"},"content":{"rendered":"\n<h3 class=\"wp-block-heading\">La ministra de Seguridad, Patricia Bullrich, carg\u00f3 nuevamente contra Mauricio Macri. La actual funcionaria del gobierno de Javier Milei le exigi\u00f3 al expresidente, quien se mostr\u00f3 cr\u00edtico de algunas propuestas legislativas del oficialismo. \u201cEl tema es si est\u00e1s jugando a tener tu gran proyecto o tu cuota de poder\u201c, dispar\u00f3.<\/h3>\n\n\n\n<p>\u201cLos que estamos en el Gobierno tiramos el carro que est\u00e1 lleno de melones. Hay de todo, ahora uno empuja el carro porque es lo que ordena la macro, la calle, encapsular al crimen organizado, y en el Congreso hay una vida aparte, agarran un mel\u00f3n de esos y van al detalle\u201d, destac\u00f3 Bullrich.<\/p>\n\n\n\n<p>Asimismo, sobre Macri, con quien protagoniza una interna por la direcci\u00f3n del PRO, argument\u00f3: \u201cEstamos como en un Delta pol\u00edtico y hemos decido darle un orden. \u00bfVas a ayudar o no? \u00bfVas a mirar la manchita del mel\u00f3n en vez de tirar el carro? Es lo que venimos diciendo\u201d.<\/p>\n\n\n\n<p>Y agreg\u00f3: \u201cAyud\u00e1 al oficialismo, ayud\u00e1 al Gobierno. Ser oposici\u00f3n es jugar al juego de las diferencias. Sos Gobierno y te com\u00e9s alg\u00fan sapito toda la vida, pero tiras del carro\u201d, plante\u00f3 con dureza. \u201cEn ese momento es que tu cabeza funciona entendiendo las grandes l\u00edneas o buscando el detalle de aquello que est\u00e1 desordenando\u201d, remarc\u00f3.<\/p>\n\n\n\n<p>Tras el rechazo del PRO al DNU por los fondos de la Side y el respaldo a la actualizaci\u00f3n jubilatoria, bajo orden directa de Mauricio Macri, Bullrich expres\u00f3: \u201cEl tema es si est\u00e1s jugando a tener tu gran proyecto o tener tu cuota parte de poder\u201c.<\/p>\n\n\n\n<p>\u201cEn la Argentina, hoy, la reconstrucci\u00f3n de la inteligencia es fundamental. Si vamos a pensar en que la inteligencia siempre va a ser c\u00f3mo fue, pegamos un golpe y eso sube el riesgo pa\u00eds, atrasa la salida de 46 millones de argentinos\u201d, se\u00f1al\u00f3 adem\u00e1s pidi\u00f3 \u201cordenar, y bajar el ruido del Parlamento\u201c.<\/p>\n","protected":false},"excerpt":{"rendered":"<p>La ministra de Seguridad, Patricia Bullrich, carg&oacute; nuevamente contra Mauricio Macri. La actual funcionaria del gobierno de Javier Milei le exigi&oacute; al expresidente, quien se mostr&oacute; cr&iacute;tico de algunas propuestas legislativas del oficialismo. &ldquo;El tema es si est&aacute;s jugando a tener tu gran proyecto o tu cuota de poder&ldquo;, dispar&oacute;. &ldquo;Los que estamos en el [&hellip;]<\/p>\n","protected":false},"author":2,"featured_media":6715,"comment_status":"open","ping_status":"open","sticky":false,"template":"","format":"standard","meta":{"footnotes":""},"categories":[5,176],"tags":[1101,510],"class_list":["post-6714","post","type-post","status-publish","format-standard","has-post-thumbnail","hentry","category-nacionales","category-politica","tag-mauricio-macri","tag-patricia-bullrich"],"_links":{"self":[{"href":"https:\/\/partediario.com.ar\/index.php?rest_route=\/wp\/v2\/posts\/6714","targetHints":{"allow":["GET"]}}],"collection":[{"href":"https:\/\/partediario.com.ar\/index.php?rest_route=\/wp\/v2\/posts"}],"about":[{"href":"https:\/\/partediario.com.ar\/index.php?rest_route=\/wp\/v2\/types\/post"}],"author":[{"embeddable":true,"href":"https:\/\/partediario.com.ar\/index.php?rest_route=\/wp\/v2\/users\/2"}],"replies":[{"embeddable":true,"href":"https:\/\/partediario.com.ar\/index.php?rest_route=%2Fwp%2Fv2%2Fcomments&post=6714"}],"version-history":[{"count":1,"href":"https:\/\/partediario.com.ar\/index.php?rest_route=\/wp\/v2\/posts\/6714\/revisions"}],"predecessor-version":[{"id":6716,"href":"https:\/\/partediario.com.ar\/index.php?rest_route=\/wp\/v2\/posts\/6714\/revisions\/6716"}],"wp:featuredmedia":[{"embeddable":true,"href":"https:\/\/partediario.com.ar\/index.php?rest_route=\/wp\/v2\/media\/6715"}],"wp:attachment":[{"href":"https:\/\/partediario.com.ar\/index.php?rest_route=%2Fwp%2Fv2%2Fmedia&parent=6714"}],"wp:term":[{"taxonomy":"category","embeddable":true,"href":"https:\/\/partediario.com.ar\/index.php?rest_route=%2Fwp%2Fv2%2Fcategories&post=6714"},{"taxonomy":"post_tag","embeddable":true,"href":"https:\/\/partediario.com.ar\/index.php?rest_route=%2Fwp%2Fv2%2Ftags&post=6714"}],"curies":[{"name":"wp","href":"https:\/\/api.w.org\/{rel}","templated":true}]}}