{"id":6717,"date":"2024-08-30T18:33:28","date_gmt":"2024-08-30T21:33:28","guid":{"rendered":"https:\/\/partediario.com.ar\/?p=6717"},"modified":"2024-08-30T18:33:29","modified_gmt":"2024-08-30T21:33:29","slug":"german-kiczka-se-nego-a-declarar-en-la-causa-por-pedofilia","status":"publish","type":"post","link":"https:\/\/partediario.com.ar\/?p=6717","title":{"rendered":"Germ\u00e1n Kiczka se neg\u00f3 a declarar en la causa por pedofilia"},"content":{"rendered":"\n<h3 class=\"wp-block-heading\">Se esperaba que el diputado misionero brinde testimonio hoy ante el Juzgado de Instrucci\u00f3n IV de Ap\u00f3stoles. El legislador provincial fue arrestado en Corrientes luego de estar pr\u00f3fugo una semana.<\/h3>\n\n\n\n<p>El diputado provincial Germ\u00e1n Kiczka se neg\u00f3 a declarar ante el juez Miguel \u00c1ngel Faria en el Juzgado de Instrucci\u00f3n IV de Ap\u00f3stoles por la causa que lo acusa, junto a su hermano, de tenencia y distribuci\u00f3n de material ped\u00f3filo. Ambos eran buscados despu\u00e9s que la Justicia encontrara, durante un allanamiento a su hogar, videos e im\u00e1genes de abuso sexual infantil en distintos dispositivos electr\u00f3nicos.<\/p>\n\n\n\n<p>El legislador de Misiones fue detenido el pasado mi\u00e9rcoles, mientras que su hermano, Sebasti\u00e1n, fue capturado el jueves. En medio de su traslado a la comisar\u00eda de Ap\u00f3stoles, el diputado esposado y bajo custodia se declar\u00f3 inocente y denunci\u00f3: \u201cBasta de persecuci\u00f3n pol\u00edtica\u201d.<\/p>\n\n\n\n<p>Germ\u00e1n Kiczka deb\u00eda declarar el d\u00eda de hoy frente al juez Miguel \u00c1ngel Faria en el Juzgado Juzgado Instrucci\u00f3n IV de la localidad de Ap\u00f3stoles, ubicado en Misiones. Sin embargon se neg\u00f3 a declarar en la causa en su contra.<\/p>\n\n\n\n<p>Medios locales informaron que Germ\u00e1n Kiczka se neg\u00f3 a declarar. Mientras que su hermano Sebasti\u00e1n solicit\u00f3 el cambio de abogado para su defensa.<\/p>\n\n\n\n<p>El diputado provincial se mantuvo pr\u00f3fugo de la Justicia durante una semana, hasta que fue arrestado el pasado mi\u00e9rcoles en la ciudad de Loreto y, posteriormente, trasladado hasta la sede judicial ubicada en Misiones. Por su parte, su hermano Sebasti\u00e1n \u2013 tambi\u00e9n acusado de delitos relacionados con la pedofilia \u2013 fue encontrado y arrestado por efectivos policiales a pocos kil\u00f3metros de la ciudad misionera de Ap\u00f3stoles.<\/p>\n\n\n\n<p>La detenci\u00f3n de Sebasti\u00e1n se logr\u00f3 gracias a efectivos de la Polic\u00eda Rural de Misiones, que montaron un operativo cerrojo en la zona de San Juan de la Sierra. Las autoridades que participaron de la detenci\u00f3n confirmaron que el acusado estaba deshidratado y aparentemente aliment\u00e1ndose de limones en el monte. Las hip\u00f3tesis plantean que Sebasti\u00e1n buscaba llegar a Concepci\u00f3n de la Sierra y mantenerse all\u00ed escondido hasta que se \u201cenfriara\u201d la causa en los medios y poder concretar as\u00ed su fuga hacia Paraguay.<\/p>\n","protected":false},"excerpt":{"rendered":"<p>Se esperaba que el diputado misionero brinde testimonio hoy ante el Juzgado de Instrucci&oacute;n IV de Ap&oacute;stoles. El legislador provincial fue arrestado en Corrientes luego de estar pr&oacute;fugo una semana. El diputado provincial Germ&aacute;n Kiczka se neg&oacute; a declarar ante el juez Miguel &Aacute;ngel Faria en el Juzgado de Instrucci&oacute;n IV de Ap&oacute;stoles por la [&hellip;]<\/p>\n","protected":false},"author":2,"featured_media":6718,"comment_status":"open","ping_status":"open","sticky":false,"template":"","format":"standard","meta":{"footnotes":""},"categories":[979,5],"tags":[1020,2830,2904],"class_list":["post-6717","post","type-post","status-publish","format-standard","has-post-thumbnail","hentry","category-judiciales","category-nacionales","tag-declaracion","tag-german-kiczka","tag-miguel-angel-faria"],"_links":{"self":[{"href":"https:\/\/partediario.com.ar\/index.php?rest_route=\/wp\/v2\/posts\/6717","targetHints":{"allow":["GET"]}}],"collection":[{"href":"https:\/\/partediario.com.ar\/index.php?rest_route=\/wp\/v2\/posts"}],"about":[{"href":"https:\/\/partediario.com.ar\/index.php?rest_route=\/wp\/v2\/types\/post"}],"author":[{"embeddable":true,"href":"https:\/\/partediario.com.ar\/index.php?rest_route=\/wp\/v2\/users\/2"}],"replies":[{"embeddable":true,"href":"https:\/\/partediario.com.ar\/index.php?rest_route=%2Fwp%2Fv2%2Fcomments&post=6717"}],"version-history":[{"count":1,"href":"https:\/\/partediario.com.ar\/index.php?rest_route=\/wp\/v2\/posts\/6717\/revisions"}],"predecessor-version":[{"id":6719,"href":"https:\/\/partediario.com.ar\/index.php?rest_route=\/wp\/v2\/posts\/6717\/revisions\/6719"}],"wp:featuredmedia":[{"embeddable":true,"href":"https:\/\/partediario.com.ar\/index.php?rest_route=\/wp\/v2\/media\/6718"}],"wp:attachment":[{"href":"https:\/\/partediario.com.ar\/index.php?rest_route=%2Fwp%2Fv2%2Fmedia&parent=6717"}],"wp:term":[{"taxonomy":"category","embeddable":true,"href":"https:\/\/partediario.com.ar\/index.php?rest_route=%2Fwp%2Fv2%2Fcategories&post=6717"},{"taxonomy":"post_tag","embeddable":true,"href":"https:\/\/partediario.com.ar\/index.php?rest_route=%2Fwp%2Fv2%2Ftags&post=6717"}],"curies":[{"name":"wp","href":"https:\/\/api.w.org\/{rel}","templated":true}]}}