{"id":6720,"date":"2024-08-30T18:44:09","date_gmt":"2024-08-30T21:44:09","guid":{"rendered":"https:\/\/partediario.com.ar\/?p=6720"},"modified":"2024-08-30T18:44:17","modified_gmt":"2024-08-30T21:44:17","slug":"argentina-avanza-en-el-proceso-de-ingreso-a-la-ocde-su-titular-mantuvo-una-reunion-con-javier-milei","status":"publish","type":"post","link":"https:\/\/partediario.com.ar\/?p=6720","title":{"rendered":"Argentina avanza en el proceso de ingreso a la OCDE: su titular mantuvo una reuni\u00f3n con Javier Milei"},"content":{"rendered":"\n<h3 class=\"wp-block-heading\">El Secretario General del organismo habl\u00f3 sobre la posibilidad de sumar a la Rep\u00fablica Argentina. El Gobierno nacional busca integrarse en el organismo que conforman distintas potencias y pa\u00edses emergentes.<\/h3>\n\n\n\n<p>El Gobierno Nacional avanza en el proceso de ingreso de la Argentina a la Organizaci\u00f3n para la Cooperaci\u00f3n y el Desarrollo Econ\u00f3mico (OCDE), un proyecto clave de la actual gesti\u00f3n. A lo largo de esta semana, Mathias Cormann, titular del organismo, mantuvo una serie de reuniones de la mano de la canciller Diana Mondino, frente a lo cual dio su opini\u00f3n sobre el rumbo econ\u00f3mico del pa\u00eds minutos antes de su entrevista con Javier Milei.<\/p>\n\n\n\n<p>Tras el almuerzo entre el secretario y la ministra en el Palacio San Mart\u00edn, Cormann elogi\u00f3 la pol\u00edtica antiinflacionaria del oficialismo, pero reclam\u00f3 a la clase pol\u00edtica dejar de lado sus diferencias a fin de poder avanzar en el desarrollo econ\u00f3mico. En este sentido, adelant\u00f3 que las probabilidades de que Argentina se sume a la OCDE son altas, pero demandar\u00e1 varios a\u00f1os: \u00abEs un proceso que llevar\u00e1 su tiempo. Es una marat\u00f3n, no una carrera de velocidad\u00bb.<\/p>\n\n\n\n<p>Antes de su llegada a la Rosada, donde dio comienzo la entrevista con Milei, Mondino indic\u00f3: \u00abCreo que ha quedado convencido (Cormann) del compromiso que tiene tanto el gobierno nacional como las provincias, con quienes acabamos de estar en una reuni\u00f3n con 10 o 12 de ellas. Ha tenido entrevistas con la CGT, sectores empresarios, con acad\u00e9micos\u00bb.<\/p>\n\n\n\n<p>Y agreg\u00f3: \u00abHa habido un mensaje claro de parte del presidente de la Naci\u00f3n de declarar inter\u00e9s general este pacto de adhesi\u00f3n con la canciller\u00eda, que lleva adelante el proceso coordinaci\u00f3n\u00bb. Explic\u00f3, tambi\u00e9n, que este ingreso tiene como objetivo fortalecer la inserci\u00f3n de Argentina al mundo.<\/p>\n\n\n\n<p>En el marco de la reuni\u00f3n conjunta entre Mondino y Cormann, se anunci\u00f3 quea fin de a\u00f1o, Argentina presentar\u00e1 un memorando de ingreso al organismo. Significa un nuevo paso, que ser\u00e1 sometido a una rigurosa evaluaci\u00f3n para obtener el visto bueno.<\/p>\n\n\n\n<p><strong>El pron\u00f3stico de la OCDE sobre Argentina<\/strong><\/p>\n\n\n\n<p>El ex funcionario australiano, nacido en B\u00e9lgica, se\u00f1al\u00f3 que la gesti\u00f3n del presidente libertario \u00abha tenido \u00e9xito\u00bb en ciertas reformas econ\u00f3micas que implement\u00f3: \u00abArgentina es un pa\u00eds incre\u00edble, con un gran potencial. Y el gobierno actual est\u00e1 afrontando estos desaf\u00edos con medidas inmediatas, que han tenido un gran efecto, bajando la inflaci\u00f3n\u00bb.<\/p>\n\n\n\n<p>Seg\u00fan indic\u00f3, el objetivo de su adhesi\u00f3n a la OCDE se basa en \u00abanclar esta estructura para aumentar el ingreso, est\u00e1ndares sostenibles con las mejores pr\u00e1cticas\u00bb, pero advirti\u00f3 que \u00abes un proceso largo, hay que revaluar las leyes, y fas pr\u00e1cticas, que se alineen\u00bb. \u00abEs un proceso que hoy comenzamos, para mejorar la estabilidad macroecon\u00f3mica y mejorar inversiones\u00bb, detall\u00f3.<\/p>\n\n\n\n<p>En esa l\u00ednea, reflexion\u00f3 en que el \u00e9xito s\u00f3lo se lograr\u00e1 si se dejan de lado las pol\u00edticas partidarias y se centra en un proceso que busca mejoras para el pa\u00eds, el cual para Cormann \u00abtiene un potencial brillante\u00bb. Sobre la posibilidad que hay de finalmente acceder a la organizaci\u00f3n internacional, habl\u00f3 de que Argentina fue el primer pa\u00eds en no pertenecer a la misma y participar del G-20, apoyando la reforma fiscal internacional.<\/p>\n\n\n\n<p>Habl\u00f3 sobre Colombia, y lo tom\u00f3 como un claro ejemplo de que su ingreso al foro le brind\u00f3 beneficios concretos. \u00abHaremos una OCDE m\u00e1s diversa con la inclusi\u00f3n Argentina, que tiene una voz muy fuerte. Tenemos mucha confianza en que el proceso ser\u00e1 una transformaci\u00f3n para el pa\u00eds\u00bb, y anticip\u00f3 que \u00abapoyar\u00e1n al pa\u00eds en el camino\u00bb.<\/p>\n","protected":false},"excerpt":{"rendered":"<p>El Secretario General del organismo habl&oacute; sobre la posibilidad de sumar a la Rep&uacute;blica Argentina. El Gobierno nacional busca integrarse en el organismo que conforman distintas potencias y pa&iacute;ses emergentes. El Gobierno Nacional avanza en el proceso de ingreso de la Argentina a la Organizaci&oacute;n para la Cooperaci&oacute;n y el Desarrollo Econ&oacute;mico (OCDE), un proyecto [&hellip;]<\/p>\n","protected":false},"author":2,"featured_media":6721,"comment_status":"open","ping_status":"open","sticky":false,"template":"","format":"standard","meta":{"footnotes":""},"categories":[5,176],"tags":[411,2906,232,2907,2905],"class_list":["post-6720","post","type-post","status-publish","format-standard","has-post-thumbnail","hentry","category-nacionales","category-politica","tag-argentina","tag-ingreso","tag-javier-milei","tag-mathias-cormann","tag-ocde"],"_links":{"self":[{"href":"https:\/\/partediario.com.ar\/index.php?rest_route=\/wp\/v2\/posts\/6720","targetHints":{"allow":["GET"]}}],"collection":[{"href":"https:\/\/partediario.com.ar\/index.php?rest_route=\/wp\/v2\/posts"}],"about":[{"href":"https:\/\/partediario.com.ar\/index.php?rest_route=\/wp\/v2\/types\/post"}],"author":[{"embeddable":true,"href":"https:\/\/partediario.com.ar\/index.php?rest_route=\/wp\/v2\/users\/2"}],"replies":[{"embeddable":true,"href":"https:\/\/partediario.com.ar\/index.php?rest_route=%2Fwp%2Fv2%2Fcomments&post=6720"}],"version-history":[{"count":1,"href":"https:\/\/partediario.com.ar\/index.php?rest_route=\/wp\/v2\/posts\/6720\/revisions"}],"predecessor-version":[{"id":6722,"href":"https:\/\/partediario.com.ar\/index.php?rest_route=\/wp\/v2\/posts\/6720\/revisions\/6722"}],"wp:featuredmedia":[{"embeddable":true,"href":"https:\/\/partediario.com.ar\/index.php?rest_route=\/wp\/v2\/media\/6721"}],"wp:attachment":[{"href":"https:\/\/partediario.com.ar\/index.php?rest_route=%2Fwp%2Fv2%2Fmedia&parent=6720"}],"wp:term":[{"taxonomy":"category","embeddable":true,"href":"https:\/\/partediario.com.ar\/index.php?rest_route=%2Fwp%2Fv2%2Fcategories&post=6720"},{"taxonomy":"post_tag","embeddable":true,"href":"https:\/\/partediario.com.ar\/index.php?rest_route=%2Fwp%2Fv2%2Ftags&post=6720"}],"curies":[{"name":"wp","href":"https:\/\/api.w.org\/{rel}","templated":true}]}}