{"id":6726,"date":"2024-08-30T18:56:48","date_gmt":"2024-08-30T21:56:48","guid":{"rendered":"https:\/\/partediario.com.ar\/?p=6726"},"modified":"2024-08-30T18:56:48","modified_gmt":"2024-08-30T21:56:48","slug":"brasil-juez-ordena-el-cierre-de-x-en-brasil","status":"publish","type":"post","link":"https:\/\/partediario.com.ar\/?p=6726","title":{"rendered":"Brasil: juez ordena el cierre de X en Brasil"},"content":{"rendered":"\n<h3 class=\"wp-block-heading\">La medida se debe a que expir\u00f3 el plazo impuesto por la justicia para que la compa\u00f1\u00eda identificara a un representante legal en Brasil.<\/h3>\n\n\n\n<p>Este viernes, Alexandre de Moraes, juez de la Corte Suprema de Brasil, orden\u00f3 la \u00absuspensi\u00f3n inmediata\u00bb de la plataforma de redes sociales X en el pa\u00eds, luego que expirara un plazo impuesto por un tribunal para que la compa\u00f1\u00eda identificara a un representante legal en su territorio.<\/p>\n\n\n\n<p>Moraes le orden\u00f3 al regulador de telecomunicaciones Anatel que implemente la orden de suspensi\u00f3n y que confirme al tribunal en un plazo de 24 horas que complimentado la medida.<\/p>\n\n\n\n<p>Adem\u00e1s, intentando evitar el uso de redes privadas virtuales (VPN) para eludir el bloqueo, Moraes advirti\u00f3 que las personas o empresas que intenten mantener el acceso a la red social de ese modo podr\u00edan ser multadas con hasta 50.000 reales por d\u00eda.<\/p>\n\n\n\n<p>El viernes por la ma\u00f1ana, Lula da Silva, presidente de Brasil, hab\u00eda advertido a Elon Musk que deb\u00eda respetar los fallos de la Corte Suprema del pa\u00eds.<\/p>\n\n\n\n<p>\u00abTodos y cada uno de los ciudadanos de cualquier parte del mundo que tienen una inversi\u00f3n en Brasil est\u00e1n sujetos a la Constituci\u00f3n brasile\u00f1a y a las leyes brasile\u00f1as\u00bb, destac\u00f3 Lula.<\/p>\n\n\n\n<p>\u00abEl hecho de que un hombre tenga mucho dinero no significa que pueda faltarle el respeto a la ley\u00bb, a\u00f1adi\u00f3, dispar\u00f3 contra Musk.<\/p>\n\n\n\n<p>El jueves, el propio magnate hab\u00eda calificado a Lula como como el \u00abperrito faldero\u00bb de Moraes, adem\u00e1s que tambi\u00e9n llam\u00f3 al juez un \u00abdictador\u00bb.<\/p>\n\n\n\n<p>Vale recordar que, adem\u00e1s de cruzarse con Lula, en las \u00faltimas semanas Musk tambi\u00e9n critic\u00f3 a Nicol\u00e1s Maduro y a Keir Starmer del Reino Unido.<\/p>\n\n\n\n<p>Seg\u00fan las leyes brasile\u00f1as que rigen Internet, las plataformas de redes sociales deben tener un representante legal con sede en el pa\u00eds.<\/p>\n\n\n\n<p>El jueves, la Corte Suprema bloque\u00f3 adem\u00e1s las cuentas bancarias locales de la firma de internet satelital Starlink por no poseer un representante legal.<\/p>\n\n\n\n<p>Musk confirm\u00f3 que SpaceX, matriz de Starlink, proporcionar\u00e1 servicio de internet gratuito a los usuarios brasile\u00f1os \u00abhasta que se resuelva este asunto\u00bb.<\/p>\n","protected":false},"excerpt":{"rendered":"<p>La medida se debe a que expir&oacute; el plazo impuesto por la justicia para que la compa&ntilde;&iacute;a identificara a un representante legal en Brasil. Este viernes, Alexandre de Moraes, juez de la Corte Suprema de Brasil, orden&oacute; la &laquo;suspensi&oacute;n inmediata&raquo; de la plataforma de redes sociales X en el pa&iacute;s, luego que expirara un plazo [&hellip;]<\/p>\n","protected":false},"author":2,"featured_media":6727,"comment_status":"open","ping_status":"open","sticky":false,"template":"","format":"standard","meta":{"footnotes":""},"categories":[9,176,726],"tags":[2909,563,1961,335,1564],"class_list":["post-6726","post","type-post","status-publish","format-standard","has-post-thumbnail","hentry","category-internacionales","category-politica","category-sociedad","tag-alexandre-de-moraes","tag-brasil","tag-elon-musk","tag-lula-da-silva","tag-nicolas-maduro"],"_links":{"self":[{"href":"https:\/\/partediario.com.ar\/index.php?rest_route=\/wp\/v2\/posts\/6726","targetHints":{"allow":["GET"]}}],"collection":[{"href":"https:\/\/partediario.com.ar\/index.php?rest_route=\/wp\/v2\/posts"}],"about":[{"href":"https:\/\/partediario.com.ar\/index.php?rest_route=\/wp\/v2\/types\/post"}],"author":[{"embeddable":true,"href":"https:\/\/partediario.com.ar\/index.php?rest_route=\/wp\/v2\/users\/2"}],"replies":[{"embeddable":true,"href":"https:\/\/partediario.com.ar\/index.php?rest_route=%2Fwp%2Fv2%2Fcomments&post=6726"}],"version-history":[{"count":1,"href":"https:\/\/partediario.com.ar\/index.php?rest_route=\/wp\/v2\/posts\/6726\/revisions"}],"predecessor-version":[{"id":6728,"href":"https:\/\/partediario.com.ar\/index.php?rest_route=\/wp\/v2\/posts\/6726\/revisions\/6728"}],"wp:featuredmedia":[{"embeddable":true,"href":"https:\/\/partediario.com.ar\/index.php?rest_route=\/wp\/v2\/media\/6727"}],"wp:attachment":[{"href":"https:\/\/partediario.com.ar\/index.php?rest_route=%2Fwp%2Fv2%2Fmedia&parent=6726"}],"wp:term":[{"taxonomy":"category","embeddable":true,"href":"https:\/\/partediario.com.ar\/index.php?rest_route=%2Fwp%2Fv2%2Fcategories&post=6726"},{"taxonomy":"post_tag","embeddable":true,"href":"https:\/\/partediario.com.ar\/index.php?rest_route=%2Fwp%2Fv2%2Ftags&post=6726"}],"curies":[{"name":"wp","href":"https:\/\/api.w.org\/{rel}","templated":true}]}}