{"id":6729,"date":"2024-08-30T19:03:25","date_gmt":"2024-08-30T22:03:25","guid":{"rendered":"https:\/\/partediario.com.ar\/?p=6729"},"modified":"2024-08-30T19:03:34","modified_gmt":"2024-08-30T22:03:34","slug":"abba-le-exigio-a-donald-trump-que-deje-de-utilizar-su-musica-en-campana","status":"publish","type":"post","link":"https:\/\/partediario.com.ar\/?p=6729","title":{"rendered":"ABBA le exigi\u00f3 a Donald Trump que deje de utilizar su m\u00fasica en campa\u00f1a"},"content":{"rendered":"\n<h3 class=\"wp-block-heading\">Donald Trump utiliz\u00f3 temas de la banda sueca ABBA para musicalizar algunos de los encuentros o los videos de campa\u00f1a para redes sociales.<\/h3>\n\n\n\n<p>Sin embargo el legendario grupo sueco, no desea quedar asociado con el candidato republicano a la presidencia de los Estados Unidos. Fue por eso que le exigieron que dejara de usar canciones como \u201cThe winner takes it all\u201d, \u201cMoney, money, money\u201d y \u201cDancing queen\u201d, que sonaron el pasado 27 de julio durante un encuentro republicano en Minnesota.<\/p>\n\n\n\n<p>El sello discogr\u00e1fico Universal Music envi\u00f3 un comunicado en el cual explica por qu\u00e9 la banda no quiere que utilicen sus temas.<\/p>\n\n\n\n<p>\u201cJunto con los miembros de ABBA, hemos descubierto que se han difundido videos en los que se ha usado la m\u00fasica de ABBA en actos de Trump, por lo que hemos solicitado que se retire de inmediato y cese\u201d, exigieron desde la empresa.<\/p>\n\n\n\n<p>ABBA no es el primer grupo en hacer un pedido de este tipo. La banda R.E.M., Adele y Celine Dion tampoco quisieron ceder sus canciones a un partido en loa campa\u00f1a electoral de Estados Unidos.<\/p>\n\n\n\n<p>Vale recordar que ABBA fue una banda ic\u00f3nica en la d\u00e9cada del \u201970 y principios de los \u201980, pero los temas de Agnetha Faltskog, Bj\u00f6rn Ulvaeus, Benny Andersson y Anni-Frid Lyngstad siguen sonando en la actualidad y son \u00edconos de la m\u00fasica pop internacional.<\/p>\n","protected":false},"excerpt":{"rendered":"<p>Donald Trump utiliz&oacute; temas de la banda sueca ABBA para musicalizar algunos de los encuentros o los videos de campa&ntilde;a para redes sociales. Sin embargo el legendario grupo sueco, no desea quedar asociado con el candidato republicano a la presidencia de los Estados Unidos. Fue por eso que le exigieron que dejara de usar canciones [&hellip;]<\/p>\n","protected":false},"author":2,"featured_media":6730,"comment_status":"open","ping_status":"open","sticky":false,"template":"","format":"standard","meta":{"footnotes":""},"categories":[9,726],"tags":[2910,2828,857,2911],"class_list":["post-6729","post","type-post","status-publish","format-standard","has-post-thumbnail","hentry","category-internacionales","category-sociedad","tag-abba","tag-campana-2","tag-donald-trump","tag-musica"],"_links":{"self":[{"href":"https:\/\/partediario.com.ar\/index.php?rest_route=\/wp\/v2\/posts\/6729","targetHints":{"allow":["GET"]}}],"collection":[{"href":"https:\/\/partediario.com.ar\/index.php?rest_route=\/wp\/v2\/posts"}],"about":[{"href":"https:\/\/partediario.com.ar\/index.php?rest_route=\/wp\/v2\/types\/post"}],"author":[{"embeddable":true,"href":"https:\/\/partediario.com.ar\/index.php?rest_route=\/wp\/v2\/users\/2"}],"replies":[{"embeddable":true,"href":"https:\/\/partediario.com.ar\/index.php?rest_route=%2Fwp%2Fv2%2Fcomments&post=6729"}],"version-history":[{"count":1,"href":"https:\/\/partediario.com.ar\/index.php?rest_route=\/wp\/v2\/posts\/6729\/revisions"}],"predecessor-version":[{"id":6731,"href":"https:\/\/partediario.com.ar\/index.php?rest_route=\/wp\/v2\/posts\/6729\/revisions\/6731"}],"wp:featuredmedia":[{"embeddable":true,"href":"https:\/\/partediario.com.ar\/index.php?rest_route=\/wp\/v2\/media\/6730"}],"wp:attachment":[{"href":"https:\/\/partediario.com.ar\/index.php?rest_route=%2Fwp%2Fv2%2Fmedia&parent=6729"}],"wp:term":[{"taxonomy":"category","embeddable":true,"href":"https:\/\/partediario.com.ar\/index.php?rest_route=%2Fwp%2Fv2%2Fcategories&post=6729"},{"taxonomy":"post_tag","embeddable":true,"href":"https:\/\/partediario.com.ar\/index.php?rest_route=%2Fwp%2Fv2%2Ftags&post=6729"}],"curies":[{"name":"wp","href":"https:\/\/api.w.org\/{rel}","templated":true}]}}