{"id":6736,"date":"2024-08-30T19:29:40","date_gmt":"2024-08-30T22:29:40","guid":{"rendered":"https:\/\/partediario.com.ar\/?p=6736"},"modified":"2024-08-30T19:29:41","modified_gmt":"2024-08-30T22:29:41","slug":"macia-alumnos-de-1-y-2-ano-de-la-secundaria-juan-wesley-visitaron-el-vivero-municipal-y-la-planta-de-tratamiento-de-residuos","status":"publish","type":"post","link":"https:\/\/partediario.com.ar\/?p=6736","title":{"rendered":"Maci\u00e1: alumnos de 1\u00b0 y 2\u00b0 a\u00f1o de la Secundaria Juan Wesley visitaron el Vivero Municipal y la Planta de Tratamiento de Residuos"},"content":{"rendered":"\n<h3 class=\"wp-block-heading\">Alumnos de 1\u00b0 y 2\u00b0 a\u00f1o de la Escuela Secundaria Juan Wesley compartieron este jueves por la tarde una visita educativa en el Vivero Municipal y la Planta de Tratamiento de Residuos Municipal.<\/h3>\n\n\n\n<p>La jornada de educaci\u00f3n ambiental const\u00f3 de un recorrido por cada predio y un reconocimiento de los procesos que tienen lugar all\u00ed.<\/p>\n\n\n\n<p>En el vivero aprendieron sobre las distintas etapas de los procesos de producci\u00f3n y cuidado de especies ornamentales para los Espacios Verdes P\u00fablicos, de las hortalizas de estaci\u00f3n en la Huerta demostrativa y la producci\u00f3n de semillas, y la producci\u00f3n de especies arb\u00f3reas nativas, su importancia y los beneficios de su preservaci\u00f3n y cuidado.<\/p>\n\n\n\n<p><\/p>\n\n\n\n<figure class=\"wp-block-image size-full\"><img loading=\"lazy\" decoding=\"async\" width=\"512\" height=\"340\" src=\"https:\/\/partediario.com.ar\/wp-content\/uploads\/457565272_526101643136337_8353157828773605879_n.jpg\" alt=\"\" class=\"wp-image-6737\" srcset=\"https:\/\/partediario.com.ar\/wp-content\/uploads\/457565272_526101643136337_8353157828773605879_n.jpg 512w, https:\/\/partediario.com.ar\/wp-content\/uploads\/457565272_526101643136337_8353157828773605879_n-300x199.jpg 300w\" sizes=\"auto, (max-width: 512px) 100vw, 512px\" \/><\/figure>\n\n\n\n<p><\/p>\n\n\n\n<figure class=\"wp-block-image size-full\"><img loading=\"lazy\" decoding=\"async\" width=\"512\" height=\"340\" src=\"https:\/\/partediario.com.ar\/wp-content\/uploads\/457506367_526101176469717_2368777043327152962_n.jpg\" alt=\"\" class=\"wp-image-6738\" srcset=\"https:\/\/partediario.com.ar\/wp-content\/uploads\/457506367_526101176469717_2368777043327152962_n.jpg 512w, https:\/\/partediario.com.ar\/wp-content\/uploads\/457506367_526101176469717_2368777043327152962_n-300x199.jpg 300w\" sizes=\"auto, (max-width: 512px) 100vw, 512px\" \/><\/figure>\n\n\n\n<p><\/p>\n\n\n\n<p>En la planta siguieron el proceso de clasificaci\u00f3n y recuperaci\u00f3n al que son sometidos los residuos domiciliarios de la ciudad. Adem\u00e1s, aprendieron sobre el tratamiento y revalorizaci\u00f3n de cada uno de los materiales luego de ser clasificados, y la importancia que tiene en este proceso la correcta separaci\u00f3n en origen.<\/p>\n\n\n\n<p>La visita se inscribi\u00f3 en el marco del trabajo que los alumnos vienen realizando en las c\u00e1tedras de Ciencias sobre el cuidado del ambiente y la gesti\u00f3n eficiente de recursos.<\/p>\n\n\n\n<p>La responsable de Ambiente municipal, Agustina Rivet, quien acompa\u00f1\u00f3 al establecimiento, remarc\u00f3 que reducir el impacto de las actividades en el ambiente es una tarea de todos, y cada acci\u00f3n cuenta.<\/p>\n","protected":false},"excerpt":{"rendered":"<p>Alumnos de 1&deg; y 2&deg; a&ntilde;o de la Escuela Secundaria Juan Wesley compartieron este jueves por la tarde una visita educativa en el Vivero Municipal y la Planta de Tratamiento de Residuos Municipal. La jornada de educaci&oacute;n ambiental const&oacute; de un recorrido por cada predio y un reconocimiento de los procesos que tienen lugar all&iacute;. [&hellip;]<\/p>\n","protected":false},"author":2,"featured_media":6739,"comment_status":"open","ping_status":"open","sticky":false,"template":"","format":"standard","meta":{"footnotes":""},"categories":[8,726],"tags":[2914,209,2917,345,2915,2918,996,2916],"class_list":["post-6736","post","type-post","status-publish","format-standard","has-post-thumbnail","hentry","category-provinciales","category-sociedad","tag-alumnos","tag-macia","tag-planta","tag-residuos","tag-secundaria","tag-tratamiento","tag-visita","tag-vivero"],"_links":{"self":[{"href":"https:\/\/partediario.com.ar\/index.php?rest_route=\/wp\/v2\/posts\/6736","targetHints":{"allow":["GET"]}}],"collection":[{"href":"https:\/\/partediario.com.ar\/index.php?rest_route=\/wp\/v2\/posts"}],"about":[{"href":"https:\/\/partediario.com.ar\/index.php?rest_route=\/wp\/v2\/types\/post"}],"author":[{"embeddable":true,"href":"https:\/\/partediario.com.ar\/index.php?rest_route=\/wp\/v2\/users\/2"}],"replies":[{"embeddable":true,"href":"https:\/\/partediario.com.ar\/index.php?rest_route=%2Fwp%2Fv2%2Fcomments&post=6736"}],"version-history":[{"count":1,"href":"https:\/\/partediario.com.ar\/index.php?rest_route=\/wp\/v2\/posts\/6736\/revisions"}],"predecessor-version":[{"id":6740,"href":"https:\/\/partediario.com.ar\/index.php?rest_route=\/wp\/v2\/posts\/6736\/revisions\/6740"}],"wp:featuredmedia":[{"embeddable":true,"href":"https:\/\/partediario.com.ar\/index.php?rest_route=\/wp\/v2\/media\/6739"}],"wp:attachment":[{"href":"https:\/\/partediario.com.ar\/index.php?rest_route=%2Fwp%2Fv2%2Fmedia&parent=6736"}],"wp:term":[{"taxonomy":"category","embeddable":true,"href":"https:\/\/partediario.com.ar\/index.php?rest_route=%2Fwp%2Fv2%2Fcategories&post=6736"},{"taxonomy":"post_tag","embeddable":true,"href":"https:\/\/partediario.com.ar\/index.php?rest_route=%2Fwp%2Fv2%2Ftags&post=6736"}],"curies":[{"name":"wp","href":"https:\/\/api.w.org\/{rel}","templated":true}]}}