{"id":6741,"date":"2024-08-30T19:55:26","date_gmt":"2024-08-30T22:55:26","guid":{"rendered":"https:\/\/partediario.com.ar\/?p=6741"},"modified":"2024-08-30T19:55:26","modified_gmt":"2024-08-30T22:55:26","slug":"diamante-funcionarias-del-gobierno-municipal-mantuvieron-una-reunion-con-maria-emilia-comas","status":"publish","type":"post","link":"https:\/\/partediario.com.ar\/?p=6741","title":{"rendered":"Diamante: funcionarias del gobierno municipal mantuvieron una reuni\u00f3n con Mar\u00eda Emilia Comas"},"content":{"rendered":"\n<h3 class=\"wp-block-heading\">La Secretar\u00eda de Gobierno y Desarrollo Social, Mar\u00eda Jos\u00e9 Buschiazzo, junto a la Directora de Salud P\u00fablica Municipal, Manuela Gauss y la Directora del CIC Dr. Domingo Liotta, Dalina Ledesma, recibieron a la representante zonal del Ministerio de Capital Humano, Mar\u00eda Emilia Comas.<\/h3>\n\n\n\n<p>Durante el encuentro dialogaron sobre temas de agenda para trabajar en conjunto y se realiz\u00f3 un reconocimiento de las instalaciones del Centro Integrador Comunitario Dr. Domingo Liotta para evaluar las condiciones actuales, cu\u00e1les eran las necesidades y c\u00f3mo se viene trabajando.<\/p>\n\n\n\n<p><\/p>\n\n\n\n<figure class=\"wp-block-image size-large\"><img loading=\"lazy\" decoding=\"async\" width=\"1024\" height=\"767\" src=\"https:\/\/partediario.com.ar\/wp-content\/uploads\/457591928_918531986971720_5335327827492490593_n-1024x767.jpg\" alt=\"\" class=\"wp-image-6742\" srcset=\"https:\/\/partediario.com.ar\/wp-content\/uploads\/457591928_918531986971720_5335327827492490593_n-1024x767.jpg 1024w, https:\/\/partediario.com.ar\/wp-content\/uploads\/457591928_918531986971720_5335327827492490593_n-300x225.jpg 300w, https:\/\/partediario.com.ar\/wp-content\/uploads\/457591928_918531986971720_5335327827492490593_n-768x575.jpg 768w, https:\/\/partediario.com.ar\/wp-content\/uploads\/457591928_918531986971720_5335327827492490593_n.jpg 1440w\" sizes=\"auto, (max-width: 1024px) 100vw, 1024px\" \/><\/figure>\n\n\n\n<p><\/p>\n\n\n\n<p>Adem\u00e1s, la representante del Ministerio de Capital Humano puso a disposici\u00f3n los programas que se desarrollar\u00e1n a nivel nacional para trabajar de manera articulada entre ambos.<\/p>\n\n\n\n<h4 class=\"wp-block-heading\"><a href=\"#Diamante\">#Diamante<\/a> <a href=\"#TuLugar\">#TuLugar<\/a><\/h4>\n","protected":false},"excerpt":{"rendered":"<p>La Secretar&iacute;a de Gobierno y Desarrollo Social, Mar&iacute;a Jos&eacute; Buschiazzo, junto a la Directora de Salud P&uacute;blica Municipal, Manuela Gauss y la Directora del CIC Dr. Domingo Liotta, Dalina Ledesma, recibieron a la representante zonal del Ministerio de Capital Humano, Mar&iacute;a Emilia Comas. Durante el encuentro dialogaron sobre temas de agenda para trabajar en conjunto [&hellip;]<\/p>\n","protected":false},"author":2,"featured_media":6744,"comment_status":"open","ping_status":"open","sticky":false,"template":"","format":"standard","meta":{"footnotes":""},"categories":[8,726],"tags":[416,2922,327,2921,2919,2920],"class_list":["post-6741","post","type-post","status-publish","format-standard","has-post-thumbnail","hentry","category-provinciales","category-sociedad","tag-cic","tag-dalina-ledesma","tag-diamante","tag-manuela-gauss","tag-maria-emilia-comas","tag-maria-jose-buschiazzo"],"_links":{"self":[{"href":"https:\/\/partediario.com.ar\/index.php?rest_route=\/wp\/v2\/posts\/6741","targetHints":{"allow":["GET"]}}],"collection":[{"href":"https:\/\/partediario.com.ar\/index.php?rest_route=\/wp\/v2\/posts"}],"about":[{"href":"https:\/\/partediario.com.ar\/index.php?rest_route=\/wp\/v2\/types\/post"}],"author":[{"embeddable":true,"href":"https:\/\/partediario.com.ar\/index.php?rest_route=\/wp\/v2\/users\/2"}],"replies":[{"embeddable":true,"href":"https:\/\/partediario.com.ar\/index.php?rest_route=%2Fwp%2Fv2%2Fcomments&post=6741"}],"version-history":[{"count":1,"href":"https:\/\/partediario.com.ar\/index.php?rest_route=\/wp\/v2\/posts\/6741\/revisions"}],"predecessor-version":[{"id":6745,"href":"https:\/\/partediario.com.ar\/index.php?rest_route=\/wp\/v2\/posts\/6741\/revisions\/6745"}],"wp:featuredmedia":[{"embeddable":true,"href":"https:\/\/partediario.com.ar\/index.php?rest_route=\/wp\/v2\/media\/6744"}],"wp:attachment":[{"href":"https:\/\/partediario.com.ar\/index.php?rest_route=%2Fwp%2Fv2%2Fmedia&parent=6741"}],"wp:term":[{"taxonomy":"category","embeddable":true,"href":"https:\/\/partediario.com.ar\/index.php?rest_route=%2Fwp%2Fv2%2Fcategories&post=6741"},{"taxonomy":"post_tag","embeddable":true,"href":"https:\/\/partediario.com.ar\/index.php?rest_route=%2Fwp%2Fv2%2Ftags&post=6741"}],"curies":[{"name":"wp","href":"https:\/\/api.w.org\/{rel}","templated":true}]}}