{"id":6746,"date":"2024-08-31T10:44:03","date_gmt":"2024-08-31T13:44:03","guid":{"rendered":"https:\/\/partediario.com.ar\/?p=6746"},"modified":"2024-08-31T10:44:03","modified_gmt":"2024-08-31T13:44:03","slug":"el-banco-central-vendio-238-millones-de-dolares-en-el-mercado-el-mayor-saldo-negativo-en-el-gobierno-de-milei","status":"publish","type":"post","link":"https:\/\/partediario.com.ar\/?p=6746","title":{"rendered":"El Banco Central vendi\u00f3 238 millones de d\u00f3lares en el mercado, el mayor saldo negativo en el gobierno de Milei"},"content":{"rendered":"\n<h3 class=\"wp-block-heading\">En el \u00faltimo d\u00eda del mes y antes de un feriado en los Estados Unidos, el Banco Central realiz\u00f3 fuertes ventas para cubrir la demanda. En agosto complet\u00f3 un saldo neto comprador de USD 381 millones luego de dos meses negativos.<\/h3>\n\n\n\n<p>El monto operado en el mercado mayorista pr\u00e1cticamente se duplic\u00f3 respecto del jueves, con USD 535,7 millones en el segmento de contado, con ventas por parte del Banco Central que alcanzaron los USD 238 millones (el 44,4% de la oferta), el mayor monto negativo de la administraci\u00f3n de Javier Milei, tras ventas por USD 401 millones el 7 de diciembre del a\u00f1o pasado.<\/p>\n\n\n\n<p>Gustavo Quintana, agente de PR Corredores de Cambio, asegur\u00f3 que el \u201cferiado del pr\u00f3ximo lunes en EEUU y cierre de mes impactaron en el volumen negociado en el segmento mayorista, que super\u00f3 la cifra negociada el 18 de junio pasado\u201d.<\/p>\n\n\n\n<p>La \u00faltima rueda operativa del mes suele ser vendedora para la entidad monetaria, ante una mayor demanda por el cierre de posiciones de las empresas, aunque este viernes \u00e9sta se incremento ara anticiparse al feriado norteamericano del lunes 2 de septiembre.<\/p>\n\n\n\n<p>Fuentes del BCRA precisaron adem\u00e1s que \u201chubo un pago importante de deuda de la Provincia de Buenos Aires y movimientos de fin de mes vinculados a la Posici\u00f3n Global Neta en Moneda Extranjera de los bancos que se compensa luego a principios de mes\u201d.<\/p>\n\n\n\n<p>La entidad monetaria cerr\u00f3 agosto con compras netas en el mercado por USD 381 millones, tras dos meses de ventas netas en junio y julio.<\/p>\n","protected":false},"excerpt":{"rendered":"<p>En el &uacute;ltimo d&iacute;a del mes y antes de un feriado en los Estados Unidos, el Banco Central realiz&oacute; fuertes ventas para cubrir la demanda. En agosto complet&oacute; un saldo neto comprador de USD 381 millones luego de dos meses negativos. El monto operado en el mercado mayorista pr&aacute;cticamente se duplic&oacute; respecto del jueves, con [&hellip;]<\/p>\n","protected":false},"author":2,"featured_media":6747,"comment_status":"open","ping_status":"open","sticky":false,"template":"","format":"standard","meta":{"footnotes":""},"categories":[5,176],"tags":[1256,637,669],"class_list":["post-6746","post","type-post","status-publish","format-standard","has-post-thumbnail","hentry","category-nacionales","category-politica","tag-bcra","tag-dolares","tag-ventas"],"_links":{"self":[{"href":"https:\/\/partediario.com.ar\/index.php?rest_route=\/wp\/v2\/posts\/6746","targetHints":{"allow":["GET"]}}],"collection":[{"href":"https:\/\/partediario.com.ar\/index.php?rest_route=\/wp\/v2\/posts"}],"about":[{"href":"https:\/\/partediario.com.ar\/index.php?rest_route=\/wp\/v2\/types\/post"}],"author":[{"embeddable":true,"href":"https:\/\/partediario.com.ar\/index.php?rest_route=\/wp\/v2\/users\/2"}],"replies":[{"embeddable":true,"href":"https:\/\/partediario.com.ar\/index.php?rest_route=%2Fwp%2Fv2%2Fcomments&post=6746"}],"version-history":[{"count":1,"href":"https:\/\/partediario.com.ar\/index.php?rest_route=\/wp\/v2\/posts\/6746\/revisions"}],"predecessor-version":[{"id":6748,"href":"https:\/\/partediario.com.ar\/index.php?rest_route=\/wp\/v2\/posts\/6746\/revisions\/6748"}],"wp:featuredmedia":[{"embeddable":true,"href":"https:\/\/partediario.com.ar\/index.php?rest_route=\/wp\/v2\/media\/6747"}],"wp:attachment":[{"href":"https:\/\/partediario.com.ar\/index.php?rest_route=%2Fwp%2Fv2%2Fmedia&parent=6746"}],"wp:term":[{"taxonomy":"category","embeddable":true,"href":"https:\/\/partediario.com.ar\/index.php?rest_route=%2Fwp%2Fv2%2Fcategories&post=6746"},{"taxonomy":"post_tag","embeddable":true,"href":"https:\/\/partediario.com.ar\/index.php?rest_route=%2Fwp%2Fv2%2Ftags&post=6746"}],"curies":[{"name":"wp","href":"https:\/\/api.w.org\/{rel}","templated":true}]}}