{"id":6749,"date":"2024-08-31T10:51:04","date_gmt":"2024-08-31T13:51:04","guid":{"rendered":"https:\/\/partediario.com.ar\/?p=6749"},"modified":"2024-08-31T10:51:05","modified_gmt":"2024-08-31T13:51:05","slug":"los-estatales-nacionales-percibiran-un-aumento-del-3-para-septiembre-octubre","status":"publish","type":"post","link":"https:\/\/partediario.com.ar\/?p=6749","title":{"rendered":"Los estatales nacionales percibir\u00e1n un aumento del 3% para septiembre-octubre"},"content":{"rendered":"\n<h3 class=\"wp-block-heading\">El Gobierno nacional dispuso un nuevo aumento a la baja para los estatales, firmado por el gremio mayoritario UPCN. Fuerte rechazo de ATE.<\/h3>\n\n\n\n<p>El Gobierno defini\u00f3 este viernes un nuevo aumento salarial para estatales por debajo de la inflaci\u00f3n proyectada. Dar\u00e1n un 3% para el pr\u00f3ximo bimestre. El acuerdo fue rubricado por la Uni\u00f3n del Personal Civil de la Naci\u00f3n (UPCN), el gremio mayoritario, sin embargo fue rechazado por la Asociaci\u00f3n de Trabajadores del Estado (ATE), que lo calific\u00f3 como \u201cla peor paritaria de la historia\u201d.<\/p>\n\n\n\n<p>La nueva paritaria se pagar\u00e1 en dos partes. Para septiembre habr\u00e1 un 2% de aumento y para octubre 1%. Desde junio, cuando arranca la paritaria estatal, hasta octubre, hubo un aumento acumulado de 9.82%, de acuerdo a informaci\u00f3n brindada por UPCN.<\/p>\n\n\n\n<p>Nuevamente, la paritaria est\u00e1 por debajo de la inflaci\u00f3n. Si se suma s\u00f3lo junio y julio, los \u00faltimos meses registrados, hubo un total de 8,6% de inflaci\u00f3n. Es probable que, s\u00f3lo con el n\u00famero de agosto se supere la paritaria estatal.<\/p>\n\n\n\n<p>Desde ATE salieron criticaron duramente el acuerdo. Su Secretario General, Rodolfo Aguiar, denunci\u00f3 que \u201cel Gobierno decidi\u00f3 aniquilar la negociaci\u00f3n colectiva\u201d y materializar el congelamiento de salarios en el Estado. Despu\u00e9s de esta nueva paritaria a al baja, ATE est\u00e1 evaluando nuevas medidas de fuerza, agreg\u00f3.<\/p>\n","protected":false},"excerpt":{"rendered":"<p>El Gobierno nacional dispuso un nuevo aumento a la baja para los estatales, firmado por el gremio mayoritario UPCN. Fuerte rechazo de ATE. El Gobierno defini&oacute; este viernes un nuevo aumento salarial para estatales por debajo de la inflaci&oacute;n proyectada. Dar&aacute;n un 3% para el pr&oacute;ximo bimestre. El acuerdo fue rubricado por la Uni&oacute;n del [&hellip;]<\/p>\n","protected":false},"author":2,"featured_media":6750,"comment_status":"open","ping_status":"open","sticky":false,"template":"","format":"standard","meta":{"footnotes":""},"categories":[978,5],"tags":[219,622,1816,1921],"class_list":["post-6749","post","type-post","status-publish","format-standard","has-post-thumbnail","hentry","category-gremiales","category-nacionales","tag-ate","tag-aumento","tag-estatales","tag-upcn"],"_links":{"self":[{"href":"https:\/\/partediario.com.ar\/index.php?rest_route=\/wp\/v2\/posts\/6749","targetHints":{"allow":["GET"]}}],"collection":[{"href":"https:\/\/partediario.com.ar\/index.php?rest_route=\/wp\/v2\/posts"}],"about":[{"href":"https:\/\/partediario.com.ar\/index.php?rest_route=\/wp\/v2\/types\/post"}],"author":[{"embeddable":true,"href":"https:\/\/partediario.com.ar\/index.php?rest_route=\/wp\/v2\/users\/2"}],"replies":[{"embeddable":true,"href":"https:\/\/partediario.com.ar\/index.php?rest_route=%2Fwp%2Fv2%2Fcomments&post=6749"}],"version-history":[{"count":1,"href":"https:\/\/partediario.com.ar\/index.php?rest_route=\/wp\/v2\/posts\/6749\/revisions"}],"predecessor-version":[{"id":6751,"href":"https:\/\/partediario.com.ar\/index.php?rest_route=\/wp\/v2\/posts\/6749\/revisions\/6751"}],"wp:featuredmedia":[{"embeddable":true,"href":"https:\/\/partediario.com.ar\/index.php?rest_route=\/wp\/v2\/media\/6750"}],"wp:attachment":[{"href":"https:\/\/partediario.com.ar\/index.php?rest_route=%2Fwp%2Fv2%2Fmedia&parent=6749"}],"wp:term":[{"taxonomy":"category","embeddable":true,"href":"https:\/\/partediario.com.ar\/index.php?rest_route=%2Fwp%2Fv2%2Fcategories&post=6749"},{"taxonomy":"post_tag","embeddable":true,"href":"https:\/\/partediario.com.ar\/index.php?rest_route=%2Fwp%2Fv2%2Ftags&post=6749"}],"curies":[{"name":"wp","href":"https:\/\/api.w.org\/{rel}","templated":true}]}}