{"id":6752,"date":"2024-08-31T10:55:07","date_gmt":"2024-08-31T13:55:07","guid":{"rendered":"https:\/\/partediario.com.ar\/?p=6752"},"modified":"2024-08-31T10:55:07","modified_gmt":"2024-08-31T13:55:07","slug":"nuevo-golpe-al-bolsillo-de-los-argentinos-el-gobierno-oficializo-la-suba-de-luz-y-gas","status":"publish","type":"post","link":"https:\/\/partediario.com.ar\/?p=6752","title":{"rendered":"Nuevo golpe al bolsillo de los Argentinos: el Gobierno oficializ\u00f3 la suba de luz y gas"},"content":{"rendered":"\n<h3 class=\"wp-block-heading\">El Gobierno nacional oficializ\u00f3 este viernes los aumentos de los servicios de luz y gas. En promedio, subir\u00e1n un 4% a partir de septiembre.<\/h3>\n\n\n\n<p>El objetivo es evitar que la devaluaci\u00f3n mensual y la inflaci\u00f3n erosionen las fuertes actualizaciones tarifarias realizadas de la primera parte del a\u00f1o, que permitieron bajar el gasto en subsidios, se\u00f1alaron.<\/p>\n\n\n\n<p>Con las subas aplicadas, los usuarios de altos ingresos (N1), industrias y comercios de todo el pa\u00eds, pagar\u00e1n, en promedio, el 72% del costo del gas y el 90,5% de la electricidad. En tanto, los hogares de ingresos medios (N3) pagar\u00e1n el 32% del valor del gas y el 40% de la generaci\u00f3n el\u00e9ctrica, mientras que los usuarios de bajos ingresos (N2), el 26% y 25%, respectivamente.<\/p>\n\n\n\n<p>Los N3 y N2, a su vez, si superan la demanda de un bloque de consumo determinado, pagar\u00e1n el costo de los N1 por el consumo excedente.<\/p>\n\n\n\n<p>Durante la primavera, al bajar la demanda de gas y electricidad por las temperaturas m\u00e1s altas, el aumento promedio de 4% final de las boletas se ver\u00e1 compensado en los hogares con la ca\u00edda en las cantidades consumidas.<\/p>\n\n\n\n<p><strong>El comunicado<\/strong><\/p>\n\n\n\n<p>\u201cA los fines de garantizar un suministro de gas sostenible y equitativo para todos los usuarios, evitar el desabastecimiento y asegurar la viabilidad econ\u00f3mica del sector energ\u00e9tico, el Gobierno Nacional fij\u00f3 los nuevos valores de producci\u00f3n de gas que se trasladar\u00e1n a los usuarios\u201d, dijo la Secretar\u00eda de Energ\u00eda en un comunicado.<\/p>\n\n\n\n<p>Los usuarios de ingresos bajos (N2) pagar\u00e1n US$1,24 por un bloque de consumo subsidiado (antes era US$1,19) y US$3,45 por el excedente. Mientras que los usuarios de ingresos medios (N3), pagar\u00e1n US$1,55 el consumo base (antes US$1,48) y los US$3,45 sobre el excedente.<\/p>\n\n\n\n<p>En otras palabras, los N2 pagan el 36% del valor de referencia sobre un bloque de consumo y los N3, el 45%, lo que equivale a una bonificaci\u00f3n de 64% y de 55%, respectivamente.<\/p>\n","protected":false},"excerpt":{"rendered":"<p>El Gobierno nacional oficializ&oacute; este viernes los aumentos de los servicios de luz y gas. En promedio, subir&aacute;n un 4% a partir de septiembre. El objetivo es evitar que la devaluaci&oacute;n mensual y la inflaci&oacute;n erosionen las fuertes actualizaciones tarifarias realizadas de la primera parte del a&ntilde;o, que permitieron bajar el gasto en subsidios, se&ntilde;alaron. [&hellip;]<\/p>\n","protected":false},"author":2,"featured_media":6753,"comment_status":"open","ping_status":"open","sticky":false,"template":"","format":"standard","meta":{"footnotes":""},"categories":[5,176,726],"tags":[622,624,224,1046],"class_list":["post-6752","post","type-post","status-publish","format-standard","has-post-thumbnail","hentry","category-nacionales","category-politica","category-sociedad","tag-aumento","tag-gas","tag-gobierno","tag-luz"],"_links":{"self":[{"href":"https:\/\/partediario.com.ar\/index.php?rest_route=\/wp\/v2\/posts\/6752","targetHints":{"allow":["GET"]}}],"collection":[{"href":"https:\/\/partediario.com.ar\/index.php?rest_route=\/wp\/v2\/posts"}],"about":[{"href":"https:\/\/partediario.com.ar\/index.php?rest_route=\/wp\/v2\/types\/post"}],"author":[{"embeddable":true,"href":"https:\/\/partediario.com.ar\/index.php?rest_route=\/wp\/v2\/users\/2"}],"replies":[{"embeddable":true,"href":"https:\/\/partediario.com.ar\/index.php?rest_route=%2Fwp%2Fv2%2Fcomments&post=6752"}],"version-history":[{"count":1,"href":"https:\/\/partediario.com.ar\/index.php?rest_route=\/wp\/v2\/posts\/6752\/revisions"}],"predecessor-version":[{"id":6754,"href":"https:\/\/partediario.com.ar\/index.php?rest_route=\/wp\/v2\/posts\/6752\/revisions\/6754"}],"wp:featuredmedia":[{"embeddable":true,"href":"https:\/\/partediario.com.ar\/index.php?rest_route=\/wp\/v2\/media\/6753"}],"wp:attachment":[{"href":"https:\/\/partediario.com.ar\/index.php?rest_route=%2Fwp%2Fv2%2Fmedia&parent=6752"}],"wp:term":[{"taxonomy":"category","embeddable":true,"href":"https:\/\/partediario.com.ar\/index.php?rest_route=%2Fwp%2Fv2%2Fcategories&post=6752"},{"taxonomy":"post_tag","embeddable":true,"href":"https:\/\/partediario.com.ar\/index.php?rest_route=%2Fwp%2Fv2%2Ftags&post=6752"}],"curies":[{"name":"wp","href":"https:\/\/api.w.org\/{rel}","templated":true}]}}