{"id":6755,"date":"2024-08-31T11:02:21","date_gmt":"2024-08-31T14:02:21","guid":{"rendered":"https:\/\/partediario.com.ar\/?p=6755"},"modified":"2024-08-31T11:02:22","modified_gmt":"2024-08-31T14:02:22","slug":"angel-di-maria-quiere-ser-dt-y-ya-tiene-a-su-ayudante","status":"publish","type":"post","link":"https:\/\/partediario.com.ar\/?p=6755","title":{"rendered":"\u00c1ngel Di Mar\u00eda quiere ser DT y ya tiene a su ayudante"},"content":{"rendered":"\n<h3 class=\"wp-block-heading\">La consagraci\u00f3n como bicampeones de la Copa Am\u00e9rica marc\u00f3 el final de la carrera de \u00c1ngel Di Mar\u00eda con la camiseta de la Selecci\u00f3n Argentina.<\/h3>\n\n\n\n<p>A sus 36 a\u00f1os, decidi\u00f3 irse por la puerta grande y tendr\u00e1 un homenaje el pr\u00f3ximo jueves en el Monumental, cuando el equipo de Lionel Scaloni enfrente a Chile por las Eliminatorias Sudamericanas. Este viernes, Fideo habl\u00f3 sobre su posible futuro como DT y dijo qui\u00e9n podr\u00eda ser su ayudante.<\/p>\n\n\n\n<p>Si bien se retir\u00f3 de la Albiceleste, el jugador del Benfica, aun tiene mucho por ofrecer, aunque ya se prepara para cuando tenga que colgar los botines de manera definitiva. \u201cEstoy haciendo el curso de entrenador, por si me pinta. Nunca se sabe\u201d, se\u00f1al\u00f3.<\/p>\n\n\n\n<p>Y revel\u00f3 que, si inicia su camino como DT, ya tendr\u00eda definido uno de sus asistentes en el cuerpo t\u00e9cnico y se trata de otra figura de la Selecci\u00f3n: \u201cAyudante ya tengo, porque Leo (Paredes) me meti\u00f3 presi\u00f3n hace poco en una nota que dio, que dijo que si se met\u00eda era de ayudante conmigo\u201d. Y a\u00f1adi\u00f3: \u201cYa cuando est\u00e1bamos en Par\u00eds arranc\u00f3 todo esto de que si era entrenador, \u00e9l era mi ayudante. Todo sali\u00f3 m\u00e1s que nada porque tenemos una muy linda amistad entre familias\u201d.<\/p>\n\n\n\n<p>Eso s\u00ed: destac\u00f3 que, a sus 36 a\u00f1os, todav\u00eda le queda carrera como futbolista: \u201cLo estoy haciendo m\u00e1s que nada por las dudas, y no s\u00e9. Siempre dije lo mismo, que si uno piensa en el despu\u00e9s, es porque el hoy se est\u00e1 terminando. Hoy estoy en el hoy, no estoy pensando en el despu\u00e9s. Todav\u00eda siento que puedo dar mucho m\u00e1s\u201d, se\u00f1al\u00f3.<\/p>\n\n\n\n<p>Hace poco, Scaloni manifest\u00f3 en una entrevista que lo invitaba al cuerpo t\u00e9cnico si \u00e9l lo quisiera. \u201cA m\u00ed no me dijo nada personalmente, la habr\u00e1 tirado pero no me dijo nada. Pero el cuerpo t\u00e9cnico que tiene es perfecto, tiene una persona para cada cosa y sinceramente ya estoy agradecido a \u00e9l\u201d, dijo Fideo.<\/p>\n","protected":false},"excerpt":{"rendered":"<p>La consagraci&oacute;n como bicampeones de la Copa Am&eacute;rica marc&oacute; el final de la carrera de &Aacute;ngel Di Mar&iacute;a con la camiseta de la Selecci&oacute;n Argentina. A sus 36 a&ntilde;os, decidi&oacute; irse por la puerta grande y tendr&aacute; un homenaje el pr&oacute;ximo jueves en el Monumental, cuando el equipo de Lionel Scaloni enfrente a Chile por [&hellip;]<\/p>\n","protected":false},"author":2,"featured_media":6756,"comment_status":"open","ping_status":"open","sticky":false,"template":"","format":"standard","meta":{"footnotes":""},"categories":[4,5],"tags":[2923,2926,2924],"class_list":["post-6755","post","type-post","status-publish","format-standard","has-post-thumbnail","hentry","category-deportes","category-nacionales","tag-angel-di-maria","tag-dt","tag-leandro-paredes"],"_links":{"self":[{"href":"https:\/\/partediario.com.ar\/index.php?rest_route=\/wp\/v2\/posts\/6755","targetHints":{"allow":["GET"]}}],"collection":[{"href":"https:\/\/partediario.com.ar\/index.php?rest_route=\/wp\/v2\/posts"}],"about":[{"href":"https:\/\/partediario.com.ar\/index.php?rest_route=\/wp\/v2\/types\/post"}],"author":[{"embeddable":true,"href":"https:\/\/partediario.com.ar\/index.php?rest_route=\/wp\/v2\/users\/2"}],"replies":[{"embeddable":true,"href":"https:\/\/partediario.com.ar\/index.php?rest_route=%2Fwp%2Fv2%2Fcomments&post=6755"}],"version-history":[{"count":1,"href":"https:\/\/partediario.com.ar\/index.php?rest_route=\/wp\/v2\/posts\/6755\/revisions"}],"predecessor-version":[{"id":6757,"href":"https:\/\/partediario.com.ar\/index.php?rest_route=\/wp\/v2\/posts\/6755\/revisions\/6757"}],"wp:featuredmedia":[{"embeddable":true,"href":"https:\/\/partediario.com.ar\/index.php?rest_route=\/wp\/v2\/media\/6756"}],"wp:attachment":[{"href":"https:\/\/partediario.com.ar\/index.php?rest_route=%2Fwp%2Fv2%2Fmedia&parent=6755"}],"wp:term":[{"taxonomy":"category","embeddable":true,"href":"https:\/\/partediario.com.ar\/index.php?rest_route=%2Fwp%2Fv2%2Fcategories&post=6755"},{"taxonomy":"post_tag","embeddable":true,"href":"https:\/\/partediario.com.ar\/index.php?rest_route=%2Fwp%2Fv2%2Ftags&post=6755"}],"curies":[{"name":"wp","href":"https:\/\/api.w.org\/{rel}","templated":true}]}}