{"id":6768,"date":"2024-09-01T10:45:40","date_gmt":"2024-09-01T13:45:40","guid":{"rendered":"https:\/\/partediario.com.ar\/?p=6768"},"modified":"2024-09-01T10:45:45","modified_gmt":"2024-09-01T13:45:45","slug":"frigerio-mantuvo-una-reunion-con-pettovello-para-avanzar-en-las-obras-de-escuelas","status":"publish","type":"post","link":"https:\/\/partediario.com.ar\/?p=6768","title":{"rendered":"Frigerio mantuvo una reuni\u00f3n con Pettovello para avanzar en las obras de escuelas"},"content":{"rendered":"\n<h3 class=\"wp-block-heading\">El gobernador de la provincia anunci\u00f3 en sus redes su encuentro con la ministra de Capital Humano, que se llev\u00f3 a cabo este s\u00e1bado.<\/h3>\n\n\n\n<p>El encuentro fue para \u201ccoordinar la continuaci\u00f3n de las obras de construcci\u00f3n de escuelas\u201d, expres\u00f3 el mandatario provincial en sus redes sociales.<\/p>\n\n\n\n<p><\/p>\n\n\n\n<blockquote class=\"twitter-tweet\"><p lang=\"es\" dir=\"ltr\">Con <a href=\"https:\/\/twitter.com\/SPettovelloOK?ref_src=twsrc%5Etfw\">@SPettovelloOK<\/a> nos reunimos para coordinar la continuaci\u00f3n de las obras de construcci\u00f3n de escuelas que estaban paralizadas desde la gesti\u00f3n anterior. Son obras de infraestructura esenciales para nuestra provincia y el futuro de los entrerrianos. Le agradezco a la Ministra y\u2026 <a href=\"https:\/\/t.co\/cHfThrmNin\">pic.twitter.com\/cHfThrmNin<\/a><\/p>&mdash; Rogelio Frigerio (@frigeriorogelio) <a href=\"https:\/\/twitter.com\/frigeriorogelio\/status\/1829958737916031405?ref_src=twsrc%5Etfw\">August 31, 2024<\/a><\/blockquote> <script async src=\"https:\/\/platform.twitter.com\/widgets.js\" charset=\"utf-8\"><\/script>\n\n\n\n<p><\/p>\n\n\n\n<p>\u201cNos reunimos para coordinar la continuaci\u00f3n de las obras de construcci\u00f3n de escuelas que estaban paralizadas desde la gesti\u00f3n anterior\u201d, precis\u00f3 Frigerio.<\/p>\n\n\n\n<p>\u201cSon obras de infraestructura esenciales para nuestra provincia y el futuro de los entrerrianos. Le agradezco a la Ministra y debemos seguir trabajando en la coordinaci\u00f3n de pol\u00edticas p\u00fablicas entre la Naci\u00f3n y la provincia\u201d, destac\u00f3 el gobernador.<\/p>\n","protected":false},"excerpt":{"rendered":"<p>El gobernador de la provincia anunci&oacute; en sus redes su encuentro con la ministra de Capital Humano, que se llev&oacute; a cabo este s&aacute;bado. El encuentro fue para &ldquo;coordinar la continuaci&oacute;n de las obras de construcci&oacute;n de escuelas&rdquo;, expres&oacute; el mandatario provincial en sus redes sociales. Con @SPettovelloOK nos reunimos para coordinar la continuaci&oacute;n de [&hellip;]<\/p>\n","protected":false},"author":2,"featured_media":6769,"comment_status":"open","ping_status":"open","sticky":false,"template":"","format":"standard","meta":{"footnotes":""},"categories":[8,726],"tags":[245,2760],"class_list":["post-6768","post","type-post","status-publish","format-standard","has-post-thumbnail","hentry","category-provinciales","category-sociedad","tag-rogelio-frigerio","tag-sandra-pettovello"],"_links":{"self":[{"href":"https:\/\/partediario.com.ar\/index.php?rest_route=\/wp\/v2\/posts\/6768","targetHints":{"allow":["GET"]}}],"collection":[{"href":"https:\/\/partediario.com.ar\/index.php?rest_route=\/wp\/v2\/posts"}],"about":[{"href":"https:\/\/partediario.com.ar\/index.php?rest_route=\/wp\/v2\/types\/post"}],"author":[{"embeddable":true,"href":"https:\/\/partediario.com.ar\/index.php?rest_route=\/wp\/v2\/users\/2"}],"replies":[{"embeddable":true,"href":"https:\/\/partediario.com.ar\/index.php?rest_route=%2Fwp%2Fv2%2Fcomments&post=6768"}],"version-history":[{"count":1,"href":"https:\/\/partediario.com.ar\/index.php?rest_route=\/wp\/v2\/posts\/6768\/revisions"}],"predecessor-version":[{"id":6770,"href":"https:\/\/partediario.com.ar\/index.php?rest_route=\/wp\/v2\/posts\/6768\/revisions\/6770"}],"wp:featuredmedia":[{"embeddable":true,"href":"https:\/\/partediario.com.ar\/index.php?rest_route=\/wp\/v2\/media\/6769"}],"wp:attachment":[{"href":"https:\/\/partediario.com.ar\/index.php?rest_route=%2Fwp%2Fv2%2Fmedia&parent=6768"}],"wp:term":[{"taxonomy":"category","embeddable":true,"href":"https:\/\/partediario.com.ar\/index.php?rest_route=%2Fwp%2Fv2%2Fcategories&post=6768"},{"taxonomy":"post_tag","embeddable":true,"href":"https:\/\/partediario.com.ar\/index.php?rest_route=%2Fwp%2Fv2%2Ftags&post=6768"}],"curies":[{"name":"wp","href":"https:\/\/api.w.org\/{rel}","templated":true}]}}