{"id":6771,"date":"2024-09-01T11:01:31","date_gmt":"2024-09-01T14:01:31","guid":{"rendered":"https:\/\/partediario.com.ar\/?p=6771"},"modified":"2024-09-01T11:05:03","modified_gmt":"2024-09-01T14:05:03","slug":"milei-firmo-el-veto-total-a-la-reforma-previsional","status":"publish","type":"post","link":"https:\/\/partediario.com.ar\/?p=6771","title":{"rendered":"Milei firm\u00f3 el veto total a la reforma previsional"},"content":{"rendered":"\n<h3 class=\"wp-block-heading\">El Presidente recibi\u00f3 a legisladores de LLA, el PRO y el MID en Casa Rosada y logr\u00f3 el aval para rechazar el aumento de los haberes. El rol de articulador ante las presiones de Macri y la ausencia de Mart\u00edn Menem.<\/h3>\n\n\n\n<p>Tras una seguidilla de fracasos legislativos, Javier Milei redobl\u00f3 la apuesta y vet\u00f3 totalmente la ley de movilidad jubilatoria sancionada por el Congreso. El presidente firm\u00f3 el decreto en horas de la noche, pero ya lo ten\u00eda preparado hace tiempo: antes de publicarlo &#8211; saldr\u00e1 el lunes en el Bolet\u00edn Oficial &#8211; quer\u00eda reunir a la tropa y conocer si contar\u00eda con el respaldo suficiente para dise\u00f1ar una estrategia que impida que el Congreso insista con la sanci\u00f3n de la ley. \u00abLo voy a vetar todo, dijo. Porque, si no, la deuda la van a pagar las generaciones futuras\u00bb, agreg\u00f3 el presidente en una cumbre con senadores y diputados de La Libertad Avanza, el PRO y el MID. El desaf\u00edo del gobierno, a partir de hora, ser\u00e1 evitar que la oposici\u00f3n m\u00e1s dura junte los dos tercios para ratificar la ley.<\/p>\n\n\n\n<p>La reuni\u00f3n, anunciada a todo ruido, se extendi\u00f3 durante m\u00e1s de una hora. El gobierno necesitaba desesperadamente recuperar cierta iniciativa luego de una semana de fracasos legislativos y batallas intestinas para todos los gustos, y hab\u00eda definido convocar a los jefes de bloque oficialistas del Senado y Diputados, as\u00ed como a las principales espadas aliadas, como Cristian Ritondo (PRO) y Oscar Zago (MID). Milei ya hab\u00eda decidido firmar un veto total a la ley opositora que modifica la f\u00f3rmula de movilidad jubilatoria e incrementaba en un 8,1 por ciento las jubilaciones, pero quer\u00eda asegurarse, antes, de que contar\u00eda con un s\u00f3lido respaldo en el Congreso. \u00abEs una ley que no tiene fuente de financiamiento, as\u00ed que solo se puede financiarse con emisi\u00f3n monetaria, deuda o suba de impuestos. Y as\u00ed estamos comprometiendo el futuro de la gente. Est\u00e1n usando causas dignas con argumentos que no corresponden\u00bb, fundament\u00f3 Milei.<\/p>\n\n\n\n<p>El encuentro se hab\u00eda realizado en el Sal\u00f3n de los Cient\u00edficos, ubicado en el primer piso de Casa Rosada, y cont\u00f3 con la presencia de la secretaria general de la Presidencia, Karina Milei, y del ministro de Interior, Guillermo Francos, y, por una comitiva de diputados y senadores de LLA, como Gabriel Bornoroni, Bartolom\u00e9 Abdala, Nicol\u00e1s Mayoraz, Lisandro Almir\u00f3n y Jos\u00e9 Luis Espert. El PRO &#8211; que ven\u00eda de rechazar el DNU de 100 mil millones de pesos para la SIDE en Diputados y de sancionar el aumento para los jubilados en el Senado &#8211; tambi\u00e9n dioron el presente, con la presencia de Ritondo, Mar\u00eda Eugenia Vidal, Silvana Giudici, Luciano Laspina y Diego Santilli.<\/p>\n\n\n\n<p>Mart\u00edn Menem, mientras tanto, se neg\u00f3 a participar de la comitiva, luego de las declaraciones de Mauricio Macri en Paran\u00e1. \u00abHay que saber conducir Diputados\u00bb, hab\u00eda dicho el ex presidente, luego de las tres derrotas al hilo que el oficialismo hab\u00eda sufrido en el Congreso en la \u00faltima semana (motorizadas, al menos dos de ellas, por el propio Macri). S\u00ed dieron el presente, en cambio, dos de los adversarios internos que tiene Menem: Ritondo &#8211; que tiene buena relaci\u00f3n con el riojano pero desea para s\u00ed la presidencia de la C\u00e1mara &#8211; y Zago &#8211; a quien Menem maniobr\u00f3 para expulsar de la presidencia del bloque oficialista en abril-. Dos dirigentes que vienen coqueteando, hace meses, para conformar un interbloque.<\/p>\n\n\n\n<p>Ritondo y Zago, en efecto, llegaron juntos a la reuni\u00f3n en el mismo auto y entraron juntos al sal\u00f3n, con sonrisas en sus caras. \u00abEl interbloque PRO-MID est\u00e1 en buen camino\u00bb, deslizan, con malicia, en el PRO. Cada vez que pueden, los dos jefes de bloque se muestran juntos &#8211; en su entorno aseguran que ambos se enteraron al mismo tiempo de la invitaci\u00f3n de Milei cuando estaban charlando por tel\u00e9fono &#8211; y le env\u00edan un mensaje a Menem, que qued\u00f3 debilitado tras la renuncia forzada de Lourdes Arrieta. Hoy por hoy, el bloque oficialista tiene la misma cantidad de diputados que el PRO: 37. Una alianza PRO-MID lo dejar\u00eda m\u00e1s debilitado, y Zago y Ritondo juegan a hac\u00e9rselo saber.<\/p>\n\n\n\n<p><strong>D\u00e9ficit cero<\/strong><\/p>\n\n\n\n<p>En la cumbre, el presidente traz\u00f3 una hoja de ruta y, buscando congraciarse con los aliados que se le hab\u00edan retobado la semana anterior, prometi\u00f3 que se constituir\u00eda una mesa de trabajo cada 15 d\u00edas con Francos y dirigentes del PRO y el oficialismo. Milei, incluso, prometi\u00f3 participar de algunas y acept\u00f3 el pedido del PRO de sumar a gobernadores e intendentes amarillos. Era el primer acercamiento con los legisladores macristas luego de varios d\u00edas de tensi\u00f3n entre Casa Rosada y Macri, y Milei, abocado a consolidar el respaldo legislativo que hab\u00eda perdido en el \u00faltimo par de semanas, apost\u00f3 a enviar un mensaje de paz. Al menos por ahora. \u00abFue un gesto para decir que, a partir de ahora, vamos a trabajar juntos. Una continuaci\u00f3n del di\u00e1logo que se abri\u00f3 con Macri en los \u00faltimos d\u00edas y que ahora va a seguir en el Congreso para evitar el veto\u00bb, reflexion\u00f3 uno de los dirigentes libertarios que hab\u00edan participado de la comitiva.<\/p>\n\n\n\n<p>El gran anuncio de la reuni\u00f3n fue la confirmaci\u00f3n de que el veto ser\u00eda total, no parcial. Nada de negociaciones, la decisi\u00f3n del presidente era ir a fondo. Milei expuso, durante algunos minutos, varios datos econ\u00f3micos que justificaban una decisi\u00f3n que, argumentaba, iba en defensa de la \u00fanica meta que tiene el gobierno libertario para este a\u00f1o: el d\u00e9ficit cero. \u00abLa condici\u00f3n es que no se puede generar gasto sin especificar la fuente de financiamiento\u00bb, explicaron los asistentes y aseguraron que el gobierno aplicar\u00e1 esta misma l\u00f3gica cuando se presente el Presupuesto 2025.<\/p>\n\n\n\n<p>El PRO amag\u00f3 algunas quejas, pero se aline\u00f3, sin dudar, detr\u00e1s del presidente. \u00abNosotros vamos a respaldar el veto. Entendemos que hay un desv\u00edo que tiene que ver con el d\u00e9ficit fiscal. Volvieron a hacer una ley y nosotros estamos diciendo: \u00bfDe d\u00f3nde sacamos para poner? Ca\u00edmos lo mismo en lo que hab\u00eda ca\u00eddo el populismo. Cuando uno tiene un d\u00e9ficit fiscal imprime o se endeuda\u00bb, declar\u00f3 Ritondo a la salida de la reuni\u00f3n, haciendo propias las explicaciones de Milei minutos antes. El presidente del bloque PRO ratific\u00f3, as\u00ed, la postura p\u00fablica del propio Macri, que hab\u00eda distado, sin embargo, de la actitud que hab\u00edan tenido los senadores macristas cuando aprobaron la ley. Los diputados del PRO, en todo caso, la tienen m\u00e1s f\u00e1cil: ellos ya hab\u00edan rechazado la ley cuando se trat\u00f3 en la C\u00e1mara baja, aunque varios y varias &#8211; como Vidal o Silvia Lospennato &#8211; se hab\u00eda ausentado al momento de la votaci\u00f3n. \u00abLes se\u00f1alamos las situaciones en donde no hab\u00edamos sido escuchados y que podr\u00edan haberse manejado mejor, evitando problemas para el gobierno\u00bb, explicaron en las filas del PRO sobre esas ausencias.<\/p>\n\n\n\n<p><strong>Objetivo evitar los dos tercios<\/strong><\/p>\n\n\n\n<p>Milei ya firm\u00f3 el decreto el viernes a la noche y se publicar\u00e1 el lunes en el Bolet\u00edn Oficial. Una vez que esto suceda, comenzar\u00e1 la batalla legislativa en la C\u00e1mara de Diputados (que es la c\u00e1mara de origen). Consolidado el PRO y los sat\u00e9lites oficialistas &#8211; como el MID de Zago -, el objetivo del gobierno ser\u00e1 ir a la pesca del resto de los aliados. Dado que la oposici\u00f3n necesita de dos tercios de los presentes, el oficialismo solo necesita evitar que una docena de diputados aliados vote a favor de la ley: con que se ausenten es suficiente. Y en LLA se muestran confiados en que conseguir\u00e1n el n\u00famero.<\/p>\n\n\n\n<p>El ojo est\u00e1 puesto en los gobernadores. All\u00ed se sentir\u00e1 con fuerza la presi\u00f3n de Casa Rosada que, por estas horas, tambi\u00e9n negocia las partidas que ir\u00e1n a las provincias en el marco del Presupuesto 2025. \u00abEl veto es una facultad del presidente. Hay varios que est\u00e1n en buena sinton\u00eda con el presidente que, cuando vean el veto, van a optar por dejarlo as\u00ed y no insistir\u00bb, desliz\u00f3, confiado, un diputado libertario.<\/p>\n","protected":false},"excerpt":{"rendered":"<p>El Presidente recibi&oacute; a legisladores de LLA, el PRO y el MID en Casa Rosada y logr&oacute; el aval para rechazar el aumento de los haberes. El rol de articulador ante las presiones de Macri y la ausencia de Mart&iacute;n Menem. Tras una seguidilla de fracasos legislativos, Javier Milei redobl&oacute; la apuesta y vet&oacute; totalmente [&hellip;]<\/p>\n","protected":false},"author":2,"featured_media":6772,"comment_status":"open","ping_status":"open","sticky":false,"template":"","format":"standard","meta":{"footnotes":""},"categories":[5,176],"tags":[232,2871,1777,2779],"class_list":["post-6771","post","type-post","status-publish","format-standard","has-post-thumbnail","hentry","category-nacionales","category-politica","tag-javier-milei","tag-previsional","tag-reforma","tag-veto"],"_links":{"self":[{"href":"https:\/\/partediario.com.ar\/index.php?rest_route=\/wp\/v2\/posts\/6771","targetHints":{"allow":["GET"]}}],"collection":[{"href":"https:\/\/partediario.com.ar\/index.php?rest_route=\/wp\/v2\/posts"}],"about":[{"href":"https:\/\/partediario.com.ar\/index.php?rest_route=\/wp\/v2\/types\/post"}],"author":[{"embeddable":true,"href":"https:\/\/partediario.com.ar\/index.php?rest_route=\/wp\/v2\/users\/2"}],"replies":[{"embeddable":true,"href":"https:\/\/partediario.com.ar\/index.php?rest_route=%2Fwp%2Fv2%2Fcomments&post=6771"}],"version-history":[{"count":2,"href":"https:\/\/partediario.com.ar\/index.php?rest_route=\/wp\/v2\/posts\/6771\/revisions"}],"predecessor-version":[{"id":6775,"href":"https:\/\/partediario.com.ar\/index.php?rest_route=\/wp\/v2\/posts\/6771\/revisions\/6775"}],"wp:featuredmedia":[{"embeddable":true,"href":"https:\/\/partediario.com.ar\/index.php?rest_route=\/wp\/v2\/media\/6772"}],"wp:attachment":[{"href":"https:\/\/partediario.com.ar\/index.php?rest_route=%2Fwp%2Fv2%2Fmedia&parent=6771"}],"wp:term":[{"taxonomy":"category","embeddable":true,"href":"https:\/\/partediario.com.ar\/index.php?rest_route=%2Fwp%2Fv2%2Fcategories&post=6771"},{"taxonomy":"post_tag","embeddable":true,"href":"https:\/\/partediario.com.ar\/index.php?rest_route=%2Fwp%2Fv2%2Ftags&post=6771"}],"curies":[{"name":"wp","href":"https:\/\/api.w.org\/{rel}","templated":true}]}}