{"id":6791,"date":"2024-09-02T11:21:50","date_gmt":"2024-09-02T14:21:50","guid":{"rendered":"https:\/\/partediario.com.ar\/?p=6791"},"modified":"2024-09-02T11:21:50","modified_gmt":"2024-09-02T14:21:50","slug":"la-pandemia-fue-mas-larga-que-lo-que-tendria-que-haber-sido-expreso-martin-guzman","status":"publish","type":"post","link":"https:\/\/partediario.com.ar\/?p=6791","title":{"rendered":"\u00abLa pandemia fue m\u00e1s larga que lo que tendr\u00eda que haber sido\u00bb, expres\u00f3 Mart\u00edn Guzm\u00e1n"},"content":{"rendered":"\n<h3 class=\"wp-block-heading\">En una entrevista a un canal de streaming el ministro de Econom\u00eda de Alberto Fern\u00e1ndez, explic\u00f3 la estrategia detr\u00e1s del confinamiento.<\/h3>\n\n\n\n<p>El exministro de Econom\u00eda Mart\u00edn Guzm\u00e1n, que fue parte del gobierno de Alberto Fern\u00e1ndez, expres\u00f3 este domingo en una entrevista con un canal de streaming, que aunque la pandemia tuvo un impacto econ\u00f3mico brusco fue parte de un plan pol\u00edtico porque las encuestas le daban al Gobierno imagen positiva relacionada estrechamente con la administraci\u00f3n del confinamiento.<\/p>\n\n\n\n<p>\u00abFue desigualadora\u00bb, asegur\u00f3. \u00abPero por mucho tiempo era &#8216;no, no, no se puede&#8217;. Despu\u00e9s creo que pas\u00f3 a ser un tema m\u00e1s pol\u00edtico, una bandera pol\u00edtica el hecho de la administraci\u00f3n de la pandemia lo que hac\u00eda fuerte al Gobierno\u00bb, destac\u00f3.<\/p>\n\n\n\n<p>En ese sentido se\u00f1al\u00f3: \u00abEso ten\u00eda que ver mucho con las restricciones sanitarias\u00bb. Y consider\u00f3: \u00abPara m\u00ed fue m\u00e1s larga de lo que tendr\u00eda que haber sido dada la informaci\u00f3n t\u00e9cnica que ten\u00eda\u00bb.<\/p>\n\n\n\n<p>De esta manera, Guzm\u00e1n blanque\u00f3 que las decisiones tomadas en el 2020 respond\u00edan a una cuesti\u00f3n de que ten\u00edan un impacto social positivo \u00abhasta que se pierden las elecciones y toda la culpa era del supuesto ajuste fiscal que no era tal\u00bb, explic\u00f3. \u00abS\u00ed hab\u00eda una reducci\u00f3n del d\u00e9ficit pero no estaba d\u00e1ndose una salida del Estado\u00bb, apunt\u00f3.<\/p>\n\n\n\n<p><\/p>\n\n\n\n<blockquote class=\"twitter-tweet\"><p lang=\"es\" dir=\"ltr\">La cuarentena se convirti\u00f3 en un plan de encierro, sometimiento y dominio. Se enamoraron de esa herramienta porque les daba r\u00e9dito pol\u00edtico tener el control total de la econom\u00eda. El problema es que la gente se mor\u00eda y se fund\u00eda&#8230;<\/p>&mdash; Javier Lanari (@javierlanari) <a href=\"https:\/\/twitter.com\/javierlanari\/status\/1830566957713686628?ref_src=twsrc%5Etfw\">September 2, 2024<\/a><\/blockquote> <script async src=\"https:\/\/platform.twitter.com\/widgets.js\" charset=\"utf-8\"><\/script>\n\n\n\n<p><\/p>\n\n\n\n<p>Tras la entrevista, Javier Lanari, subsecretario de Prensa de la Naci\u00f3n, reaccion\u00f3 en redes sociales. \u00abLa cuarentena se convirti\u00f3 en un plan de encierro, sometimiento y dominio. Se enamoraron de esa herramienta porque les daba r\u00e9dito pol\u00edtico tener el control total de la econom\u00eda. El problema es que la gente se mor\u00eda y se fund\u00eda\u2026Ahora s\u00f3lo falta que reconozcan que demoraron la compra de Pfizer porque no les conven\u00eda pol\u00edticamente (mientras se contagiaban ni\u00f1os). Y que cerraron con Sputnik para congraciarse con el dictador Putin y hacer negocios\u00bb, dispar\u00f3 en X.<\/p>\n","protected":false},"excerpt":{"rendered":"<p>En una entrevista a un canal de streaming el ministro de Econom&iacute;a de Alberto Fern&aacute;ndez, explic&oacute; la estrategia detr&aacute;s del confinamiento. El exministro de Econom&iacute;a Mart&iacute;n Guzm&aacute;n, que fue parte del gobierno de Alberto Fern&aacute;ndez, expres&oacute; este domingo en una entrevista con un canal de streaming, que aunque la pandemia tuvo un impacto econ&oacute;mico brusco [&hellip;]<\/p>\n","protected":false},"author":2,"featured_media":6792,"comment_status":"open","ping_status":"open","sticky":false,"template":"","format":"standard","meta":{"footnotes":""},"categories":[5,176],"tags":[517,2937,2936],"class_list":["post-6791","post","type-post","status-publish","format-standard","has-post-thumbnail","hentry","category-nacionales","category-politica","tag-alberto-fernandez","tag-cuarentena","tag-martin-guzman"],"_links":{"self":[{"href":"https:\/\/partediario.com.ar\/index.php?rest_route=\/wp\/v2\/posts\/6791","targetHints":{"allow":["GET"]}}],"collection":[{"href":"https:\/\/partediario.com.ar\/index.php?rest_route=\/wp\/v2\/posts"}],"about":[{"href":"https:\/\/partediario.com.ar\/index.php?rest_route=\/wp\/v2\/types\/post"}],"author":[{"embeddable":true,"href":"https:\/\/partediario.com.ar\/index.php?rest_route=\/wp\/v2\/users\/2"}],"replies":[{"embeddable":true,"href":"https:\/\/partediario.com.ar\/index.php?rest_route=%2Fwp%2Fv2%2Fcomments&post=6791"}],"version-history":[{"count":1,"href":"https:\/\/partediario.com.ar\/index.php?rest_route=\/wp\/v2\/posts\/6791\/revisions"}],"predecessor-version":[{"id":6793,"href":"https:\/\/partediario.com.ar\/index.php?rest_route=\/wp\/v2\/posts\/6791\/revisions\/6793"}],"wp:featuredmedia":[{"embeddable":true,"href":"https:\/\/partediario.com.ar\/index.php?rest_route=\/wp\/v2\/media\/6792"}],"wp:attachment":[{"href":"https:\/\/partediario.com.ar\/index.php?rest_route=%2Fwp%2Fv2%2Fmedia&parent=6791"}],"wp:term":[{"taxonomy":"category","embeddable":true,"href":"https:\/\/partediario.com.ar\/index.php?rest_route=%2Fwp%2Fv2%2Fcategories&post=6791"},{"taxonomy":"post_tag","embeddable":true,"href":"https:\/\/partediario.com.ar\/index.php?rest_route=%2Fwp%2Fv2%2Ftags&post=6791"}],"curies":[{"name":"wp","href":"https:\/\/api.w.org\/{rel}","templated":true}]}}