{"id":6794,"date":"2024-09-02T11:27:37","date_gmt":"2024-09-02T14:27:37","guid":{"rendered":"https:\/\/partediario.com.ar\/?p=6794"},"modified":"2024-09-02T11:27:37","modified_gmt":"2024-09-02T14:27:37","slug":"se-oficializaron-los-nuevos-cuadros-tarifarios-de-luz-y-gas-que-rigen-a-partir-de-este-mes","status":"publish","type":"post","link":"https:\/\/partediario.com.ar\/?p=6794","title":{"rendered":"Se oficializaron los nuevos cuadros tarifarios de luz y gas que rigen a partir de este mes"},"content":{"rendered":"\n<h3 class=\"wp-block-heading\">Con la baja del Impuesto PAIS, el Gobierno necesita reemplazar la merma en la recaudaci\u00f3n. Cu\u00e1nto suben los servicios p\u00fablicos y a qui\u00e9nes abarca.<\/h3>\n\n\n\n<p>Septiembre llega con una carga de aumentos, y tal como se ven\u00eda anticipando, desde este mes se incrementan los servicios de luz y de gas. Este lunes, se oficializaron los nuevos cuadros tarifarios en en Bolet\u00edn Oficial, a trav\u00e9s de una serie de resoluciones del Ente Nacional Regulador del Gas (Enargas) y el Ente Nacional Regulador de la Energ\u00eda (ENRE). El Gobierno autoriz\u00f3 una suba promedio del 4%.<\/p>\n\n\n\n<p>En el caso del gas, se autoriz\u00f3 el aumento a las empresas proveedoras de todo el pa\u00eds: Metrogas, Transportadora de Gas del Sur S.A., Transportadora de Gas del Norte S.A., Naturgy Ban, GasNor, Gas del Centro y Distribuidora de Gas Cuyana.<\/p>\n\n\n\n<p>Mientras que en el caso de la luz, el aumento oficializado tambi\u00e9n alcanzan a todo el territotio argentino, a trav\u00e9s de las compa\u00f1\u00edas proveedoras de Edenor, Edesur, Transba, Transener, Distrocuyo, Transnoa, Transnea, Transpa, Transcomahue y Epen.<\/p>\n\n\n\n<p>El incremento hab\u00eda sido ostergado en varias oportunidades para contener la inflaci\u00f3n. El Ejecutivo fue aprobando diferentes subas de manera estrat\u00e9gica para asegurarse que el \u00edndice de Precios al Consumidor (IPC) siguiera su camino descendente.<\/p>\n\n\n\n<p>Desde Enargas, recordaron que le hab\u00edan ordenado \u00abpostergarse en los meses de mayo, junio y julio, la aplicaci\u00f3n efectiva de las actualizaciones mensuales previstas en los acuerdos\u00bb.<\/p>\n\n\n\n<p>Las nuevas tarifas adem\u00e1s responden, en parte, a la necesidad de recaudaci\u00f3n del Gobierno. Es decir, para compensar la reducci\u00f3n del Impuesto PA\u00cdS con la baja del gasto p\u00fablico.<\/p>\n\n\n\n<p><strong>Tarifa de gas<\/strong><\/p>\n\n\n\n<p>En las resoluciones de Enargas, se explic\u00f3 que corresponde emitir nuevas tarifas de transici\u00f3n a aplicar: \u00abLos Cuadros Tarifarios de Transici\u00f3n que se aprueban por la presente deber\u00e1n ser publicados por la Licenciataria en un diario de gran circulaci\u00f3n, d\u00eda por medio durante por lo menos 3 d\u00edas dentro de los 10 d\u00edas h\u00e1biles contados a partir de la publicaci\u00f3n de la presente Resoluci\u00f3n; conforme lo dispuesto por el Art\u00edculo 44 in fine de la Ley N\u00b0 24.076\u00bb.<\/p>\n\n\n\n<p>Al oficializarse los nuevos precios para el gas en el Punto de Ingreso al Sistema de Transporte (PIST), \u201cse busca representar los costos reales y la variabilidad de abastecimiento de gas natural para las empresas distribuidoras, con el objetivo de garantizar las inversiones necesarias para el sector y un uso responsable del suministro\u201d.<\/p>\n\n\n\n<p><strong>Tarifa de luz<\/strong><\/p>\n\n\n\n<p>Por otra parte, en las resoluciones del Enre, se estableci\u00f3 el nuevo Precio Estacional de la Energ\u00eda El\u00e9ctrica (PEST), para el per\u00edodo comprendido entre el 1 de septiembre de 2024 y el 31 de octubre de 2024, los valores correspondientes a cada agente distribuidor del MEM por el Servicio P\u00fablico de Transporte de Energ\u00eda El\u00e9ctrica en Alta Tensi\u00f3n y por Distribuci\u00f3n Troncal.<\/p>\n\n\n\n<p>\u00abEn ese sentido, se inform\u00f3 que la tarifa a usuario final deber\u00e1 ser incrementada en un 4,2%, debi\u00e9ndose reflejar de ese modo las actualizaciones de los precios PEST y las tarifas de distribuci\u00f3n de energ\u00eda el\u00e9ctrica en su incidencia correspondiente para alcanzar tal resultado\u00bb, se detalla.<\/p>\n\n\n\n<p>Y completa: \u00abEl VAD correspondiente al segmento distribuci\u00f3n se incrementar\u00e1 en un 3% con respecto al establecido en la Resoluci\u00f3n del ENTE NACIONAL REGULADOR DE LA ELECTRICIDAD (ENRE) N\u00b0 520 de fecha 2 de agosto de 2024, el precio estabilizado de transporte en un 6% y el precio estacional en un 5 %\u00bb.<\/p>\n","protected":false},"excerpt":{"rendered":"<p>Con la baja del Impuesto PAIS, el Gobierno necesita reemplazar la merma en la recaudaci&oacute;n. Cu&aacute;nto suben los servicios p&uacute;blicos y a qui&eacute;nes abarca. Septiembre llega con una carga de aumentos, y tal como se ven&iacute;a anticipando, desde este mes se incrementan los servicios de luz y de gas. Este lunes, se oficializaron los nuevos [&hellip;]<\/p>\n","protected":false},"author":2,"featured_media":6795,"comment_status":"open","ping_status":"open","sticky":false,"template":"","format":"standard","meta":{"footnotes":""},"categories":[5,176],"tags":[622,624,1046,2938],"class_list":["post-6794","post","type-post","status-publish","format-standard","has-post-thumbnail","hentry","category-nacionales","category-politica","tag-aumento","tag-gas","tag-luz","tag-septiembre"],"_links":{"self":[{"href":"https:\/\/partediario.com.ar\/index.php?rest_route=\/wp\/v2\/posts\/6794","targetHints":{"allow":["GET"]}}],"collection":[{"href":"https:\/\/partediario.com.ar\/index.php?rest_route=\/wp\/v2\/posts"}],"about":[{"href":"https:\/\/partediario.com.ar\/index.php?rest_route=\/wp\/v2\/types\/post"}],"author":[{"embeddable":true,"href":"https:\/\/partediario.com.ar\/index.php?rest_route=\/wp\/v2\/users\/2"}],"replies":[{"embeddable":true,"href":"https:\/\/partediario.com.ar\/index.php?rest_route=%2Fwp%2Fv2%2Fcomments&post=6794"}],"version-history":[{"count":1,"href":"https:\/\/partediario.com.ar\/index.php?rest_route=\/wp\/v2\/posts\/6794\/revisions"}],"predecessor-version":[{"id":6796,"href":"https:\/\/partediario.com.ar\/index.php?rest_route=\/wp\/v2\/posts\/6794\/revisions\/6796"}],"wp:featuredmedia":[{"embeddable":true,"href":"https:\/\/partediario.com.ar\/index.php?rest_route=\/wp\/v2\/media\/6795"}],"wp:attachment":[{"href":"https:\/\/partediario.com.ar\/index.php?rest_route=%2Fwp%2Fv2%2Fmedia&parent=6794"}],"wp:term":[{"taxonomy":"category","embeddable":true,"href":"https:\/\/partediario.com.ar\/index.php?rest_route=%2Fwp%2Fv2%2Fcategories&post=6794"},{"taxonomy":"post_tag","embeddable":true,"href":"https:\/\/partediario.com.ar\/index.php?rest_route=%2Fwp%2Fv2%2Ftags&post=6794"}],"curies":[{"name":"wp","href":"https:\/\/api.w.org\/{rel}","templated":true}]}}