{"id":6797,"date":"2024-09-02T11:44:34","date_gmt":"2024-09-02T14:44:34","guid":{"rendered":"https:\/\/partediario.com.ar\/?p=6797"},"modified":"2024-09-02T11:44:39","modified_gmt":"2024-09-02T14:44:39","slug":"la-lujosa-vida-de-algunos-dirigentes-sindicales-apuntados-por-javier-milei","status":"publish","type":"post","link":"https:\/\/partediario.com.ar\/?p=6797","title":{"rendered":"La lujosa vida de algunos dirigentes sindicales apuntados por Javier Milei"},"content":{"rendered":"\n<h3 class=\"wp-block-heading\">La investigaci\u00f3n en la UATRE alert\u00f3 al sindicalismo. Mientras tanto los jefes de la CGT ser\u00e1n recibidos en 15 d\u00edas por el Papa Francisco. Esto se suma al esc\u00e1ndalo de Alberto y la pelea de Wado De Pedro con Massa.<\/h3>\n\n\n\n<p>El papa Francisco siempre atento cuando se trata de contener a compa\u00f1eros en desgracia o en camino a estarlo, en esta l\u00ednea los recibir\u00e1 el pr\u00f3ximo 16 de septiembre, casualidad o no, fecha en la que cay\u00f3 el gobierno de Juan Domingo Per\u00f3n en el a\u00f1o 1955 por la levantada militar de la \u201cRevoluci\u00f3n Libertadora\u201d.<\/p>\n\n\n\n<p>La visita se llevar\u00e1 a cabo en pleno debate por el empleo, la probable reforma laboral, el veto sobre la ley previsional y el futuro jubilatorio impulsado por el gobierno de Javier Milei quien, a trav\u00e9s de Guillermo Francos o el asesor Santiago Caputo, hablan con algunos popes sindicales como H\u00e9ctor Daer y Gerardo Mart\u00ednez, el m\u00e1s dialoguista de todos los dirigentes sindicales que optan por suavizar sus reclamos al l\u00edmite.<\/p>\n\n\n\n<p>Las paritarias estatales rondar\u00e1n un 3%, lej\u00edsimos de los 30% trimestrales que recib\u00edan hasta hace un a\u00f1o, sin contar el futuro descuento del impuesto a las ganancias dispuesto por Milei.<\/p>\n\n\n\n<p>El debate eterno es si conviene o no convocar a un paro que impulsan Pablo Moyano o Pablo Palazzo, el bancario cuyas fuentes de empleo cayeron como ninguna otra actividad aunque los que sobrevivieron como empleados bancarios perciben las escalas salariales m\u00e1s importantes del pa\u00eds luego de los petroleros y aceitaros.<\/p>\n\n\n\n<p>\u00bfPor qu\u00e9 no activan los dirigentes sindicales? Por dos claros motivos. La primera tiene que ver con el humor social y la falta de representatividad que tienen la mayor\u00eda de sus dirigentes, callados cuando la decadencia reinaba en el gobierno del Frente de Todos. Y la m\u00e1s fuerte, porque muchas veces sus declaraciones juradas o la de sus organizaciones gremiales distan mucho de cuadrar con lo que deber\u00eda ser un representante de los trabajadores.<\/p>\n\n\n\n<p>Javier Milei lleg\u00f3 a puro grito y motosierra, por lo tanto no le debe nada a nadie y mucho menos \u00aba los gordos\u00bb o \u00aba los zurdos\u00bb ni a los estatales de la CGT y CTA. Y al no haber tenido relaci\u00f3n previa que lo aten, su gobierno juega con los muertos en el ropero que tienen la gran mayor\u00eda de los dirigentes sindicales que viajan en autos importados y poseen varias propiedas, empresas y abultadas cuentas en dolares y pesos.<\/p>\n\n\n\n<p>Hoy uno de los sindicatos m\u00e1s poderosos del pa\u00eds es la Uni\u00f3n de Trabajadores y Rurales y Estibadores, conducido por Jos\u00e9 Voytenco quien, apenas finaliz\u00f3 la intervenci\u00f3n del gremio, tom\u00f3 a cargo la obra social -el Registro Nacional y la Mutual- que manejan la salud, el negocio y los seguros de salud de cerca de 400.000 afiliados.<\/p>\n\n\n\n<p>En el sindicato es el Secretario General. En el RENATRE es el Director y en OSPERA y la ART es el presidente. Lo que se conoce, se trata de un hombre con superpoderes y que cobra, por todo su desempe\u00f1o alrededor de $40 millones de pesos. Sus representados, sin embargo, son trabajadores que siempre tienen que lidiar con condiciones laborales m\u00e1s que precarias y sueldos que, en promedio, no superan los $650.000 mensuales.<\/p>\n\n\n\n<p>Voytenco, dirigente chaque\u00f1o cercano a Coqui Capitanich, hered\u00f3 el sindicato tras la muerte de Venegas y el repentino fallecimiento por COVID de Ram\u00f3n Ayala. Sin respaldo ni poder, las sucesivas alianzas con Marcelo Urban, Julio Comparada y Pablo Ansaloni -ex PRO convertido al peronismo y amigo de Pablo Moyano- lo hizo ir gastando mucho de sus esfuerzos para mantener el poder y eso resinti\u00f3 severamente los servicios que luego eran reclamados por las entidades rurales de todo el pa\u00eds.<\/p>\n\n\n\n<p>\u00abLo van a ir a buscar como a unas ochenta otras obras sociales. El pr\u00f3ximo que puede salir en los diarios es el \u00abNegro\u00bb, apunt\u00f3 uno de los sindicalistas que m\u00e1s conocen de la realidad propia y la de sus colegas. El \u00abnegro\u00bb, como lo conocen entre ellos, es por supuesto, Moyano, cuya obra social siempre ha estado bajo una amigable observaci\u00f3n por parte de la Superintendencia.<\/p>\n\n\n\n<p>La obra social camionera, sugestivamente conocida como OSCHOCA (sic), puede tener m\u00e1s que un problema si se le audita los $3.000 millones que maneja, reconocen funcionarios de Trabajo que saben que siempre hay un m\u00ednimo margen para negociar. \u00abLos t\u00faneles que ligan a la mayor\u00eda de los dirigentes con Mario Lugones son muy anchos\u00bb, reconoc\u00eda hoy un conocedor directo del poderoso mundo sindical.<\/p>\n\n\n\n<p>El topo advirti\u00f3 tambi\u00e9n sobre otra obra social de la que dependen personas mal registradas y con salarios m\u00e1s que pobres, como UATRE. Es la obra social de las empleadas y empleados dom\u00e9sticos, OSPACP, cuyos afiliados deben enfrentar penosas y humillantes situaciones para conseguir una m\u00ednima atenci\u00f3n m\u00e9dica.<\/p>\n\n\n\n<p>Otra situaci\u00f3n que se da son las acusaciones de Wado De Pedro contra el aliado de su aliado M\u00e1ximo Kirchner, Sergio Massa, por el supuesto mantenimiento de funcionarios massistas en el gobierno de Javier Milei, no ayuda a mantener cierta confianza entre los socios m\u00e1s poderosos.<\/p>\n\n\n\n<p>De Pedro, no olvida que fue Sergio quien le quit\u00f3 la chance de ser candidato a presidente con la presi\u00f3n que le meti\u00f3 a Cristina durante el d\u00eda de definir la dupla presidencial. El que lo entreg\u00f3 es ella, pero De Pedro prefiere enojarse con Massa, todos sabemos por qu\u00e9\u00bb, confes\u00f3 alguien que fue testigo de c\u00f3mo se rompi\u00f3 la relaci\u00f3n tras las PASO del a\u00f1o pasado entre los ex funcionarios de Alberto Fern\u00e1ndez, cuando el ex ministro del Interior dej\u00f3 de ser, inclusive, jefe de campa\u00f1a del por entonces \u00abs\u00faper\u00bb ministro de Econom\u00eda.<\/p>\n","protected":false},"excerpt":{"rendered":"<p>La investigaci&oacute;n en la UATRE alert&oacute; al sindicalismo. Mientras tanto los jefes de la CGT ser&aacute;n recibidos en 15 d&iacute;as por el Papa Francisco. Esto se suma al esc&aacute;ndalo de Alberto y la pelea de Wado De Pedro con Massa. El papa Francisco siempre atento cuando se trata de contener a compa&ntilde;eros en desgracia o [&hellip;]<\/p>\n","protected":false},"author":2,"featured_media":6798,"comment_status":"open","ping_status":"open","sticky":false,"template":"","format":"standard","meta":{"footnotes":""},"categories":[978,5,176],"tags":[2939,232,336,1705,2940],"class_list":["post-6797","post","type-post","status-publish","format-standard","has-post-thumbnail","hentry","category-gremiales","category-nacionales","category-politica","tag-dirigentes","tag-javier-milei","tag-papa-francisco","tag-sergio-massa","tag-sindicales"],"_links":{"self":[{"href":"https:\/\/partediario.com.ar\/index.php?rest_route=\/wp\/v2\/posts\/6797","targetHints":{"allow":["GET"]}}],"collection":[{"href":"https:\/\/partediario.com.ar\/index.php?rest_route=\/wp\/v2\/posts"}],"about":[{"href":"https:\/\/partediario.com.ar\/index.php?rest_route=\/wp\/v2\/types\/post"}],"author":[{"embeddable":true,"href":"https:\/\/partediario.com.ar\/index.php?rest_route=\/wp\/v2\/users\/2"}],"replies":[{"embeddable":true,"href":"https:\/\/partediario.com.ar\/index.php?rest_route=%2Fwp%2Fv2%2Fcomments&post=6797"}],"version-history":[{"count":1,"href":"https:\/\/partediario.com.ar\/index.php?rest_route=\/wp\/v2\/posts\/6797\/revisions"}],"predecessor-version":[{"id":6799,"href":"https:\/\/partediario.com.ar\/index.php?rest_route=\/wp\/v2\/posts\/6797\/revisions\/6799"}],"wp:featuredmedia":[{"embeddable":true,"href":"https:\/\/partediario.com.ar\/index.php?rest_route=\/wp\/v2\/media\/6798"}],"wp:attachment":[{"href":"https:\/\/partediario.com.ar\/index.php?rest_route=%2Fwp%2Fv2%2Fmedia&parent=6797"}],"wp:term":[{"taxonomy":"category","embeddable":true,"href":"https:\/\/partediario.com.ar\/index.php?rest_route=%2Fwp%2Fv2%2Fcategories&post=6797"},{"taxonomy":"post_tag","embeddable":true,"href":"https:\/\/partediario.com.ar\/index.php?rest_route=%2Fwp%2Fv2%2Ftags&post=6797"}],"curies":[{"name":"wp","href":"https:\/\/api.w.org\/{rel}","templated":true}]}}