{"id":6821,"date":"2024-09-03T11:46:16","date_gmt":"2024-09-03T14:46:16","guid":{"rendered":"https:\/\/partediario.com.ar\/?p=6821"},"modified":"2024-09-03T11:51:37","modified_gmt":"2024-09-03T14:51:37","slug":"el-viernes-quintela-llega-a-parana-para-hablar-de-federalismo-en-tiempos-libertarios","status":"publish","type":"post","link":"https:\/\/partediario.com.ar\/?p=6821","title":{"rendered":"El viernes Quintela llega a Paran\u00e1 para hablar de \u201cFederalismo en tiempos libertarios\u201d"},"content":{"rendered":"\n<h3 class=\"wp-block-heading\">El gobernador de La Rioja, uno de los anotados para presidir el Partido Justicialista a nivel nacional, arribar\u00e1 este viernes a la ciudad de Paran\u00e1, para participar de \u201cuna jornada de militancia y debate\u201d.<\/h3>\n\n\n\n<p>El gobernador de La Rioja, Ricardo Quintela, estar\u00e1 este viernes 6 de septiembre en la capital provincial, en el marco de una jornada de militancia que tendr\u00e1 lugar a las 17:30 en la Escuela de M\u00fasica (Italia 61).<\/p>\n\n\n\n<p>\u201cFederalismo en tiempos \u2018libertarios\u2019\u201d es el eje de la charla que brindar\u00e1 Quintela, quien semanas atr\u00e1s protagoniz\u00f3 un gran acto en su provincia con motivo de la jura de la nueva Constituci\u00f3n provincial.<\/p>\n\n\n\n<p>Quintela, tambi\u00e9s es uno de los pocos gobernadores del Partido Justicialista que qued\u00f3 en pie despu\u00e9s del tsunami electoral de 2023 y ya asoma como uno de los posibles candidatos a presidir el Partido Justicialista (PJ) en las elecciones convocadas para el 17 de noviembre.<\/p>\n\n\n\n<p><\/p>\n\n\n\n<figure class=\"wp-block-image size-full\"><img loading=\"lazy\" decoding=\"async\" width=\"584\" height=\"633\" src=\"https:\/\/partediario.com.ar\/wp-content\/uploads\/scrnli_3_9_2024_11-31-07.png\" alt=\"\" class=\"wp-image-6824\" srcset=\"https:\/\/partediario.com.ar\/wp-content\/uploads\/scrnli_3_9_2024_11-31-07.png 584w, https:\/\/partediario.com.ar\/wp-content\/uploads\/scrnli_3_9_2024_11-31-07-277x300.png 277w\" sizes=\"auto, (max-width: 584px) 100vw, 584px\" \/><\/figure>\n\n\n\n<p><\/p>\n\n\n\n<p>Cabe se\u00f1alar que convocado por Militancia Nacional y popular de Paran\u00e1.<\/p>\n","protected":false},"excerpt":{"rendered":"<p>El gobernador de La Rioja, uno de los anotados para presidir el Partido Justicialista a nivel nacional, arribar&aacute; este viernes a la ciudad de Paran&aacute;, para participar de &ldquo;una jornada de militancia y debate&rdquo;. El gobernador de La Rioja, Ricardo Quintela, estar&aacute; este viernes 6 de septiembre en la capital provincial, en el marco de [&hellip;]<\/p>\n","protected":false},"author":2,"featured_media":6822,"comment_status":"open","ping_status":"open","sticky":false,"template":"","format":"standard","meta":{"footnotes":""},"categories":[176,8],"tags":[257,2955,265,2816],"class_list":["post-6821","post","type-post","status-publish","format-standard","has-post-thumbnail","hentry","category-politica","category-provinciales","tag-entre-rios","tag-federalismo-en-tiempos-libertarios","tag-parana","tag-ricardo-quintela"],"_links":{"self":[{"href":"https:\/\/partediario.com.ar\/index.php?rest_route=\/wp\/v2\/posts\/6821","targetHints":{"allow":["GET"]}}],"collection":[{"href":"https:\/\/partediario.com.ar\/index.php?rest_route=\/wp\/v2\/posts"}],"about":[{"href":"https:\/\/partediario.com.ar\/index.php?rest_route=\/wp\/v2\/types\/post"}],"author":[{"embeddable":true,"href":"https:\/\/partediario.com.ar\/index.php?rest_route=\/wp\/v2\/users\/2"}],"replies":[{"embeddable":true,"href":"https:\/\/partediario.com.ar\/index.php?rest_route=%2Fwp%2Fv2%2Fcomments&post=6821"}],"version-history":[{"count":2,"href":"https:\/\/partediario.com.ar\/index.php?rest_route=\/wp\/v2\/posts\/6821\/revisions"}],"predecessor-version":[{"id":6825,"href":"https:\/\/partediario.com.ar\/index.php?rest_route=\/wp\/v2\/posts\/6821\/revisions\/6825"}],"wp:featuredmedia":[{"embeddable":true,"href":"https:\/\/partediario.com.ar\/index.php?rest_route=\/wp\/v2\/media\/6822"}],"wp:attachment":[{"href":"https:\/\/partediario.com.ar\/index.php?rest_route=%2Fwp%2Fv2%2Fmedia&parent=6821"}],"wp:term":[{"taxonomy":"category","embeddable":true,"href":"https:\/\/partediario.com.ar\/index.php?rest_route=%2Fwp%2Fv2%2Fcategories&post=6821"},{"taxonomy":"post_tag","embeddable":true,"href":"https:\/\/partediario.com.ar\/index.php?rest_route=%2Fwp%2Fv2%2Ftags&post=6821"}],"curies":[{"name":"wp","href":"https:\/\/api.w.org\/{rel}","templated":true}]}}