{"id":6826,"date":"2024-09-03T11:56:24","date_gmt":"2024-09-03T14:56:24","guid":{"rendered":"https:\/\/partediario.com.ar\/?p=6826"},"modified":"2024-09-03T11:56:25","modified_gmt":"2024-09-03T14:56:25","slug":"definen-la-comision-que-investigara-la-visita-de-diputados-a-genocidas-y-represores","status":"publish","type":"post","link":"https:\/\/partediario.com.ar\/?p=6826","title":{"rendered":"Definen la comisi\u00f3n que investigar\u00e1 la visita de diputados a genocidas y represores"},"content":{"rendered":"\n<h3 class=\"wp-block-heading\">Con la premisa de dictaminar en esta reuni\u00f3n, las comisiones de Peticiones, Poderes y Reglamento; y Asuntos Constitucionales mantendr\u00e1n este martes 3 de septiembre a las 16:30 un encuentro plenario para definir la creaci\u00f3n de una comisi\u00f3n especial que va a investigar la visita de los seis diputados libertarios a genocidas condenados por delitos de lesa humanidad.<\/h3>\n\n\n\n<p>Tal como solicit\u00f3 Uni\u00f3n por la Patria, la Comisi\u00f3n de Asuntos Constitucionales no ser\u00e1 presidida por el santafesino Nicol\u00e1s Mayoraz y, hasta el momento, ser\u00eda encabezada por Mar\u00eda Eugenia Vidal, vicepresidenta primera. El pedido del bloque opositor se indic\u00f3 en la \u00faltima reuni\u00f3n de Peticiones, donde Cecilia Moreau carg\u00f3 contra el oficialista por haber estado dentro de los grupos de chats en donde se organizaron los viajes a la c\u00e1rcel de ezeiza el 11 de julio pasado.<\/p>\n\n\n\n<p>La comisi\u00f3n especial investigadora quedar\u00eda compuesta por 4 integrantes de UP, 2 de La Libertad Avanza, 2 del Pro, 2 de la Uni\u00f3n C\u00edvica Radical y 1 de Encuentro Federal. Una vez elevado el despacho, cada bloque tendr\u00e1 48 horas para comunicar a cada representante. Con posterioridad, tendr\u00edan la obligaci\u00f3n de reunirse, por lo menos, una vez a la semana.<\/p>\n\n\n\n<p>El dictamen unificado entre los impulsados por Uni\u00f3n por la Patria y el Frente de Izquierda, tendr\u00eda la obligaci\u00f3n de presentar informe y conclusiones con las medidas que considere pertinentes en el plazo m\u00e1ximo de 30 d\u00edas corridos.<\/p>\n\n\n\n<p>A mediados de julio, se supo que los diputados oficialistas Beltr\u00e1n Benedit, Guillermo Montenegro, Alida Ferreyra, Mar\u00eda Fernanda Araujo, Roc\u00edo Bonacci y Lourdes Arrieta estuvieron reunidos con represores condenados a reclusi\u00f3n perpetua por delitos de lesa humanidad en la c\u00e1rcel de Ezeiza, entre ellos, Alfredo Astiz, Ra\u00fal Guglielminetti, Carlos Su\u00e1rez Mason y Adolfo Donda.<\/p>\n\n\n\n<p>Ante la conmoci\u00f3n por el conocimiento del viaje, Bonacci y Arrieta se\u00f1alaron haber sido \u201cllevadas por enga\u00f1o\u201d: A los pocos d\u00edas se difundi\u00f3 la foto de la reuni\u00f3n con la diputada mendocina en el centro de la escena, quien tras varios idas y vueltas de acusaciones internas, result\u00f3 desafectada de la bancada de La Libertad Avanza en el C\u00e1mara de Diputados.<\/p>\n\n\n\n<p>Con su salida, la diputada mendocina Lourdes Arrieta form\u00f3 un monobloque y, luego, public\u00f3 una serie de im\u00e1genes en X con capturas de pantalla de las conversaciones grupales que tuvieron diputados del oficialismo junto al padre Javier Ravasi -presunto organizador de las visitas- y por el cual se busc\u00f3 preparar un proyecto de ley para que los exmilitares detenidos puedan gozar de la prisi\u00f3n domiciliaria.<\/p>\n","protected":false},"excerpt":{"rendered":"<p>Con la premisa de dictaminar en esta reuni&oacute;n, las comisiones de Peticiones, Poderes y Reglamento; y Asuntos Constitucionales mantendr&aacute;n este martes 3 de septiembre a las 16:30 un encuentro plenario para definir la creaci&oacute;n de una comisi&oacute;n especial que va a investigar la visita de los seis diputados libertarios a genocidas condenados por delitos de [&hellip;]<\/p>\n","protected":false},"author":2,"featured_media":6827,"comment_status":"open","ping_status":"open","sticky":false,"template":"","format":"standard","meta":{"footnotes":""},"categories":[5,176],"tags":[1915,2956,1917,2805,2602,1934,996],"class_list":["post-6826","post","type-post","status-publish","format-standard","has-post-thumbnail","hentry","category-nacionales","category-politica","tag-beltran-benedit","tag-comision","tag-ezeiza","tag-lourdes-arrieta","tag-maria-eugenia-vidal-2","tag-represores","tag-visita"],"_links":{"self":[{"href":"https:\/\/partediario.com.ar\/index.php?rest_route=\/wp\/v2\/posts\/6826","targetHints":{"allow":["GET"]}}],"collection":[{"href":"https:\/\/partediario.com.ar\/index.php?rest_route=\/wp\/v2\/posts"}],"about":[{"href":"https:\/\/partediario.com.ar\/index.php?rest_route=\/wp\/v2\/types\/post"}],"author":[{"embeddable":true,"href":"https:\/\/partediario.com.ar\/index.php?rest_route=\/wp\/v2\/users\/2"}],"replies":[{"embeddable":true,"href":"https:\/\/partediario.com.ar\/index.php?rest_route=%2Fwp%2Fv2%2Fcomments&post=6826"}],"version-history":[{"count":1,"href":"https:\/\/partediario.com.ar\/index.php?rest_route=\/wp\/v2\/posts\/6826\/revisions"}],"predecessor-version":[{"id":6828,"href":"https:\/\/partediario.com.ar\/index.php?rest_route=\/wp\/v2\/posts\/6826\/revisions\/6828"}],"wp:featuredmedia":[{"embeddable":true,"href":"https:\/\/partediario.com.ar\/index.php?rest_route=\/wp\/v2\/media\/6827"}],"wp:attachment":[{"href":"https:\/\/partediario.com.ar\/index.php?rest_route=%2Fwp%2Fv2%2Fmedia&parent=6826"}],"wp:term":[{"taxonomy":"category","embeddable":true,"href":"https:\/\/partediario.com.ar\/index.php?rest_route=%2Fwp%2Fv2%2Fcategories&post=6826"},{"taxonomy":"post_tag","embeddable":true,"href":"https:\/\/partediario.com.ar\/index.php?rest_route=%2Fwp%2Fv2%2Ftags&post=6826"}],"curies":[{"name":"wp","href":"https:\/\/api.w.org\/{rel}","templated":true}]}}