{"id":6832,"date":"2024-09-03T12:14:41","date_gmt":"2024-09-03T15:14:41","guid":{"rendered":"https:\/\/partediario.com.ar\/?p=6832"},"modified":"2024-09-03T12:14:41","modified_gmt":"2024-09-03T15:14:41","slug":"la-obra-publica-no-vuelve-mas-afirmo-sturzenegger","status":"publish","type":"post","link":"https:\/\/partediario.com.ar\/?p=6832","title":{"rendered":"\u00abLa obra p\u00fablica no vuelve m\u00e1s\u00bb afirm\u00f3 Sturzenegger"},"content":{"rendered":"\n<h3 class=\"wp-block-heading\">El ministro anunci\u00f3 que la reforma laboral se va a reglamentar en pocos d\u00edas. \u201cVan a poder dise\u00f1ar el sistema de despidos que quieran\u201d, adelant\u00f3.<\/h3>\n\n\n\n<p>El ministro de Desregulaci\u00f3n, Federico Sturzenegger, ponder\u00f3 la \u00abflexibilidad\u00bb del nuevo r\u00e9gimen de despidos previsto en la reforma laboral y anunci\u00f3 que el cap\u00edtulo de la Ley Bases ser\u00e1 reglamentado la semana pr\u00f3xima.<\/p>\n\n\n\n<p>\u00abHay un art\u00edculo en ley bases que lleva el t\u00edtulo de Fondo de Cese que dice que las partes pueden salirse de la Ley de Contrato de Trabajo en lo que refiere a los despidos, un tema medular de la relaci\u00f3n laboral. Pero en la reglamentaci\u00f3n -que espero salga esta semana- a nivel convenio colectivo van a poder dise\u00f1ar el esquema que quieran, con la flexibilidad que quieran, a nivel empresa grande, mediana o chica\u00bb, se\u00f1al\u00f3 Sturzenegger.<\/p>\n\n\n\n<p>Lo expres\u00f3 en un almuerzo organizado por la Fundaci\u00f3n Mediterr\u00e1nea, donde el funcionario repas\u00f3 las \u00faltimas medidas del gobierno frente a presidente del instituto de investigaciones de la fundaci\u00f3n (Ieral), Osvaldo Giordano, el exministro de Econom\u00eda, Domingo Cavallo, y empresarios como Sebasti\u00e1n Bag\u00f3 (Bag\u00f3), Roberto Urqu\u00eda (AGD) y Marcelo Figueras (Richmond)<\/p>\n\n\n\n<p><strong>Las indemnizaciones<\/strong><\/p>\n\n\n\n<p>\u00abPueden seguir manteniendo la indemnizaci\u00f3n por ley, un fondo individual como la UOCRA, un fondo solidario a nivel industria o contratar un seguro\u2026el gobierno no dice nada, lo tienen que decidir ustedes, van a tener que tener mucha neurona\u00bb, argument\u00f3 el ministro.<\/p>\n\n\n\n<p>Y advirti\u00f3 que si una empresa o un trabajador no convalidan el acuerdo, pueden decir \u00abchau chau\u00bb al Fondo de Cese inspirado en el r\u00e9gimen de la construcci\u00f3n.<\/p>\n\n\n\n<p>Sturzenegger record\u00f3 que su primer trabajo fue en la Fundaci\u00f3n Mediterr\u00e1nea y que tuvo el \u00abhonor\u00bb de compartir mesa con \u00abDomingo\u00bb (Cavallo), a quien describi\u00f3 como un \u00abpr\u00f3cer\u00bb.<\/p>\n\n\n\n<p>Luego, agreg\u00f3 que Milei tuvo la \u00abvalent\u00eda\u00bb de cortar las transferencias a las provincias, reducir el 10% de la planta p\u00fablica nacional y eliminar la obra p\u00fablica. \u00abNo vuelve m\u00e1s\u2026Milei y el ministro Caputo lograron algo ins\u00f3lito\u00bb, apunt\u00f3.<\/p>\n\n\n\n<p>Tambi\u00e9n repas\u00f3 la desregulaci\u00f3n iniciada con el DNU 70 y la Ley Bases, y la compar\u00f3 con un \u00abscrum\u00bb de rugby. \u00abTe patean, te escupen, te quiebran la clav\u00edcula, y al final del d\u00eda ves que avanz\u00e1s 5 cent\u00edmetros\u00bb, afirm\u00f3.<\/p>\n\n\n\n<p>Finalizando, analiz\u00f3 las medidas oficializadas este lunes, entre las cuales destac\u00f3 que el impuesto PAIS \u00abse pudo bajar por la motosierra\u00bb, justific\u00f3 el decreto que restringe el acceso a la informaci\u00f3n p\u00fablica y defendi\u00f3 el veto total a la ley previsional que dispon\u00eda un aumento jubilatorio.<\/p>\n\n\n\n<p>\u00ab(Milei) no va a hacer ninguna concesi\u00f3n con el equilibrio fiscal\u2026es como cuando un ni\u00f1o le pide a sus padres \u00b4comprame esto\u00b4 y no se preocupa cuanto sale\u00bb, afirm\u00f3.<\/p>\n","protected":false},"excerpt":{"rendered":"<p>El ministro anunci&oacute; que la reforma laboral se va a reglamentar en pocos d&iacute;as. &ldquo;Van a poder dise&ntilde;ar el sistema de despidos que quieran&rdquo;, adelant&oacute;. El ministro de Desregulaci&oacute;n, Federico Sturzenegger, ponder&oacute; la &laquo;flexibilidad&raquo; del nuevo r&eacute;gimen de despidos previsto en la reforma laboral y anunci&oacute; que el cap&iacute;tulo de la Ley Bases ser&aacute; reglamentado [&hellip;]<\/p>\n","protected":false},"author":2,"featured_media":6833,"comment_status":"open","ping_status":"open","sticky":false,"template":"","format":"standard","meta":{"footnotes":""},"categories":[5,176],"tags":[2962,1484,232,641,223,2961,1777,2887],"class_list":["post-6832","post","type-post","status-publish","format-standard","has-post-thumbnail","hentry","category-nacionales","category-politica","tag-domingo-cavallo","tag-federico-sturzenegger","tag-javier-milei","tag-laboral","tag-ley-bases","tag-obra-publica","tag-reforma","tag-uocra"],"_links":{"self":[{"href":"https:\/\/partediario.com.ar\/index.php?rest_route=\/wp\/v2\/posts\/6832","targetHints":{"allow":["GET"]}}],"collection":[{"href":"https:\/\/partediario.com.ar\/index.php?rest_route=\/wp\/v2\/posts"}],"about":[{"href":"https:\/\/partediario.com.ar\/index.php?rest_route=\/wp\/v2\/types\/post"}],"author":[{"embeddable":true,"href":"https:\/\/partediario.com.ar\/index.php?rest_route=\/wp\/v2\/users\/2"}],"replies":[{"embeddable":true,"href":"https:\/\/partediario.com.ar\/index.php?rest_route=%2Fwp%2Fv2%2Fcomments&post=6832"}],"version-history":[{"count":1,"href":"https:\/\/partediario.com.ar\/index.php?rest_route=\/wp\/v2\/posts\/6832\/revisions"}],"predecessor-version":[{"id":6834,"href":"https:\/\/partediario.com.ar\/index.php?rest_route=\/wp\/v2\/posts\/6832\/revisions\/6834"}],"wp:featuredmedia":[{"embeddable":true,"href":"https:\/\/partediario.com.ar\/index.php?rest_route=\/wp\/v2\/media\/6833"}],"wp:attachment":[{"href":"https:\/\/partediario.com.ar\/index.php?rest_route=%2Fwp%2Fv2%2Fmedia&parent=6832"}],"wp:term":[{"taxonomy":"category","embeddable":true,"href":"https:\/\/partediario.com.ar\/index.php?rest_route=%2Fwp%2Fv2%2Fcategories&post=6832"},{"taxonomy":"post_tag","embeddable":true,"href":"https:\/\/partediario.com.ar\/index.php?rest_route=%2Fwp%2Fv2%2Ftags&post=6832"}],"curies":[{"name":"wp","href":"https:\/\/api.w.org\/{rel}","templated":true}]}}