{"id":6845,"date":"2024-09-03T19:09:45","date_gmt":"2024-09-03T22:09:45","guid":{"rendered":"https:\/\/partediario.com.ar\/?p=6845"},"modified":"2024-09-03T19:09:46","modified_gmt":"2024-09-03T22:09:46","slug":"arrestaron-al-subjefe-de-policia-de-cordoba-por-posible-encubrimiento-en-una-investigacion","status":"publish","type":"post","link":"https:\/\/partediario.com.ar\/?p=6845","title":{"rendered":"Arrestaron al subjefe de Polic\u00eda de C\u00f3rdoba por posible encubrimiento en una investigaci\u00f3n"},"content":{"rendered":"\n<p><strong>El comisario general est\u00e1 sospechado por encubrimiento en el marco de una investigaci\u00f3n sobre asociaci\u00f3n il\u00edcita, en la que hab\u00eda integrantes de la fuerza policial y un empleado del Poder Judicial.<\/strong><\/p>\n\n\n\n<p>El fiscal de Delitos Complejos, Enrique Gavier, orden\u00f3 en las \u00faltimas horas la detenci\u00f3n del comisario general Alejandro Mercado, uno de los integrantes de la c\u00fapula de la provincia de C\u00f3rdoba, sospechado por encubrimiento de las operaciones de una financiera ilegal.<\/p>\n\n\n\n<p>La detenci\u00f3n de Mercado gener\u00f3 una enorme conmoci\u00f3n en las altas esferas del poder pol\u00edtico provincial ya que el subjefe policial hab\u00eda asumido en sus funciones en diciembre pasado, en el marco de un recambio de autoridades que acompa\u00f1\u00f3 a la asunci\u00f3n de Mart\u00edn Llaryora como gobernador de la provincia.<\/p>\n\n\n\n<p>Gavier acusa a Mercado de encubrir las operaciones de una financiera ilegal, y no descarta que otros polic\u00edas est\u00e9n implicados en el il\u00edcito.<\/p>\n\n\n\n<p>El comisario Alejandro Mercado tiene una trayectoria de 35 a\u00f1os en la Polic\u00eda de C\u00f3rdoba, y fue detenido este martes por la ma\u00f1ana en su domicilio. Hab\u00eda sido designado como subjefe de la polic\u00eda de la provincia de C\u00f3rdoba el 15 de diciembre por el ministro de Seguridad, Juan Pablo Quinteros.<\/p>\n\n\n\n<p>En la asunci\u00f3n, Quinteros hab\u00eda alentado a la nueva c\u00fapula policial a \u00abcombatir el delito con firmeza\u00bb. Hoy, el Ministro de Seguridad convoc\u00f3 a una conferencia de prensa y se pronunci\u00f3 sobre la detenci\u00f3n de Mercado por encubrimiento: \u00abNos duele, nos pega como instituci\u00f3n. Pero vamos a seguir adelante porque ese es el firme desaf\u00edo que nos ha encomendado el gobernador y vamos a seguir m\u00e1s fuertes que nunca\u00bb, destac\u00f3.<\/p>\n\n\n\n<p>Cabe se\u00f1alar que, junto al subjefe policial, fueron arrestados adem\u00e1s un comisario, una subcomisario, un empleado judicial y tres civiles. Las autoridades contin\u00faan buscando a una mujer involucrada cuyo paradero a\u00fan se desconoce.<\/p>\n\n\n\n<p>Cabe se\u00f1alar que, durante su carrera, Mercado fue un referente en Investigaciones Criminales, y particip\u00f3 en casos de gran repercusi\u00f3n.<\/p>\n\n\n\n<p><\/p>\n\n\n\n<figure class=\"wp-block-image size-full is-resized\"><img loading=\"lazy\" decoding=\"async\" width=\"768\" height=\"512\" src=\"https:\/\/partediario.com.ar\/wp-content\/uploads\/f768x1-1645630_1645757_15-1.webp\" alt=\"\" class=\"wp-image-6847\" style=\"width:840px;height:auto\" srcset=\"https:\/\/partediario.com.ar\/wp-content\/uploads\/f768x1-1645630_1645757_15-1.webp 768w, https:\/\/partediario.com.ar\/wp-content\/uploads\/f768x1-1645630_1645757_15-1-300x200.webp 300w\" sizes=\"auto, (max-width: 768px) 100vw, 768px\" \/><figcaption class=\"wp-element-caption\"><strong>Mercado, el primero de la izquierda, al asumir junto a la c\u00fapula policial. Al medio, el ministro de Seguridad de la provincia de C\u00f3rdoba, Juan Pablo Quinteros.<\/strong><\/figcaption><\/figure>\n\n\n\n<p><\/p>\n\n\n\n<p>Quinteros confirm\u00f3 que la investigaci\u00f3n abarca hechos ocurridos en 2022 y 2023, relacionados con actividades il\u00edcitas en \u00abun lugar de venta de telefon\u00eda celular donde adem\u00e1s operaba una financiera con otras actividades como la venta de neum\u00e1ticos de origen ilegal\u00bb.<\/p>\n\n\n\n<p>La fiscal\u00eda inform\u00f3 que se ordenaron 11 allanamientos en domicilios de la ciudad de C\u00f3rdoba, La Calera, Arroyito, R\u00edo Segundo y Lozada, en el marco de los cuales se imput\u00f3 y detuvo a las siguientes personas:<\/p>\n\n\n\n<p>Comisario general Alejandro Eduardo Mercado: encubrimiento agravado por la calidad de funcionario p\u00fablico.<br>Comisario Cristian Norberto Rub\u00e9n Cabrera: asociaci\u00f3n il\u00edcita en calidad de miembro, falsa denuncia y falsedad ideol\u00f3gica.<br>Subcomisario Ver\u00f3nica Aguilar: asociaci\u00f3n il\u00edcita en calidad de miembro.<br>Empleado judicial Juan Jos\u00e9 Corzo: falsa denuncia y falsedad ideol\u00f3gica.<br>Roberto Adri\u00e1n Monge: asociaci\u00f3n il\u00edcita en calidad de miembro.<br>Roger Emmanuel Monge: asociaci\u00f3n il\u00edcita en calidad de miembro.<br>Maciel Adri\u00e1n Monge: asociaci\u00f3n il\u00edcita en calidad de miembro.<\/p>\n\n\n\n<p>Adem\u00e1s ordenaron la detenci\u00f3n de Fiorella del Valle Monge en calidad de miembro de asociaci\u00f3n il\u00edcita pero no lograron establecer su domicilio y hasta ahora no fue detenida.<\/p>\n\n\n\n<p>Las detenciones fueron efectivizadas por disposici\u00f3n de la Fiscal\u00eda del Distrito I Turno 1\u00b0 de la Ciudad de C\u00f3rdoba, en el marco del expediente judicial, caratulado: \u201cActuaciones labradas por oficio remitido por C\u00e1mara en lo Criminal y Correccional de 8 Nominaci\u00f3n de la Ciudad de C\u00f3rdoba\u201d, con la colaboraci\u00f3n de la Polic\u00eda de la Provincia de C\u00f3rdoba.<\/p>\n\n\n\n<p><strong>Pase a retiro<\/strong><\/p>\n\n\n\n<p>En horas de la tarde de este martes, el ministro de Seguridad dispuso el pase a situaci\u00f3n de retiro obligatorio del Comisario General de la Polic\u00eda de C\u00f3rdoba, atento a la investigaci\u00f3n judicial en la que se encuentra involucrado.<\/p>\n\n\n\n<p>La resoluci\u00f3n ministerial fue dictada \u201csin perjuicio\u00bb de una posible sanci\u00f3n de\u00bb tipo segregativa\u00bb, como consecuencia del proceso judicial y\/o administrativo que se lleve adelante en su contra.<\/p>\n\n\n\n<p>\u00abDesde el 10 de diciembre, cuando comenz\u00f3 nuestra gesti\u00f3n, dejamos en claro que cualquier polic\u00eda que se apartara medio cent\u00edmetro del correcto cumplimiento de su deber, desde un Cabo hasta el mismo Jefe de Polic\u00eda, ser\u00eda autom\u00e1ticamente apartado de esta fuerza\u201d, record\u00f3 Quinteros.<\/p>\n\n\n\n<p>Y agreg\u00f3 que \u201cal asumir en mi cargo y en reuni\u00f3n con el fiscal general Juan Manuel Delgado le solicit\u00e9 que toda causa en la que estuviera involucrado personal policial se investigase con el m\u00e1ximo rigor\u00bb, afirm\u00f3.<\/p>\n\n\n\n<p>\u201cEn nuestra provincia no existe impunidad y la divisi\u00f3n de poderes funciona plenamente\u201d, concluy\u00f3.<\/p>\n","protected":false},"excerpt":{"rendered":"<p>El comisario general est&aacute; sospechado por encubrimiento en el marco de una investigaci&oacute;n sobre asociaci&oacute;n il&iacute;cita, en la que hab&iacute;a integrantes de la fuerza policial y un empleado del Poder Judicial. El fiscal de Delitos Complejos, Enrique Gavier, orden&oacute; en las &uacute;ltimas horas la detenci&oacute;n del comisario general Alejandro Mercado, uno de los integrantes de [&hellip;]<\/p>\n","protected":false},"author":2,"featured_media":6848,"comment_status":"open","ping_status":"open","sticky":false,"template":"","format":"standard","meta":{"footnotes":""},"categories":[979,5],"tags":[2968,2211,303,2967,1138,535,2966],"class_list":["post-6845","post","type-post","status-publish","format-standard","has-post-thumbnail","hentry","category-judiciales","category-nacionales","tag-alejandro-mercado","tag-arrestaron","tag-cordoba","tag-enrique-gavier","tag-martin-llaryora","tag-policia","tag-subjefe"],"_links":{"self":[{"href":"https:\/\/partediario.com.ar\/index.php?rest_route=\/wp\/v2\/posts\/6845","targetHints":{"allow":["GET"]}}],"collection":[{"href":"https:\/\/partediario.com.ar\/index.php?rest_route=\/wp\/v2\/posts"}],"about":[{"href":"https:\/\/partediario.com.ar\/index.php?rest_route=\/wp\/v2\/types\/post"}],"author":[{"embeddable":true,"href":"https:\/\/partediario.com.ar\/index.php?rest_route=\/wp\/v2\/users\/2"}],"replies":[{"embeddable":true,"href":"https:\/\/partediario.com.ar\/index.php?rest_route=%2Fwp%2Fv2%2Fcomments&post=6845"}],"version-history":[{"count":1,"href":"https:\/\/partediario.com.ar\/index.php?rest_route=\/wp\/v2\/posts\/6845\/revisions"}],"predecessor-version":[{"id":6849,"href":"https:\/\/partediario.com.ar\/index.php?rest_route=\/wp\/v2\/posts\/6845\/revisions\/6849"}],"wp:featuredmedia":[{"embeddable":true,"href":"https:\/\/partediario.com.ar\/index.php?rest_route=\/wp\/v2\/media\/6848"}],"wp:attachment":[{"href":"https:\/\/partediario.com.ar\/index.php?rest_route=%2Fwp%2Fv2%2Fmedia&parent=6845"}],"wp:term":[{"taxonomy":"category","embeddable":true,"href":"https:\/\/partediario.com.ar\/index.php?rest_route=%2Fwp%2Fv2%2Fcategories&post=6845"},{"taxonomy":"post_tag","embeddable":true,"href":"https:\/\/partediario.com.ar\/index.php?rest_route=%2Fwp%2Fv2%2Ftags&post=6845"}],"curies":[{"name":"wp","href":"https:\/\/api.w.org\/{rel}","templated":true}]}}