{"id":6850,"date":"2024-09-03T19:16:27","date_gmt":"2024-09-03T22:16:27","guid":{"rendered":"https:\/\/partediario.com.ar\/?p=6850"},"modified":"2024-09-03T19:16:27","modified_gmt":"2024-09-03T22:16:27","slug":"aeronauticos-amenazan-con-nuevas-medidas-de-fuerza-tras-la-fallida-reunion-entre-aerolineas-argentinas-y-los-gremios","status":"publish","type":"post","link":"https:\/\/partediario.com.ar\/?p=6850","title":{"rendered":"Aeron\u00e1uticos amenazan con nuevas medidas de fuerza tras la fallida reuni\u00f3n entre Aerol\u00edneas Argentinas y los gremios"},"content":{"rendered":"\n<h3 class=\"wp-block-heading\">Despu\u00e9s de una fallida reuni\u00f3n entre Aerol\u00edneas Argentinas y los sindicatos del sector, voceros de distintos gremios estudian la posibilidad de realizar nuevas medidas de fuerza.<\/h3>\n\n\n\n<p>Tras una serie de asambleas que paralizaron varios vuelos y afectaron a mas de 11 mil pasajeros, Aerol\u00edneas Argentinas mantuvo una reuni\u00f3n con los distintos gremios aeron\u00e1uticos. Luego de fracasar la negociaci\u00f3n paritaria, voceros sindicales manifestaron que podr\u00eda haber \u00abnuevas medidas de fuerza\u00bb.<\/p>\n\n\n\n<p>Los gremios se reunieron en el Aeroparque de Jorge Newbery fueron Asociaci\u00f3n de Pilotos de L\u00edneas A\u00e9reas (APLA), la Asociaci\u00f3n Argentina de Aeronavegantes (AAA), la Asociaci\u00f3n del Personal Aeron\u00e1utico (APA) y la Uni\u00f3n del Personal Superior y Profesional de Empresas Aerocomerciales.<\/p>\n\n\n\n<p>Las advertencias que el frente gremial aeron\u00e1utico eval\u00faa, ser\u00eda llamar a nuevas medidas de fuerza, Juan Pablo Brey, secretario general de Aeronavegantes, se expres\u00f3 sobre la oferta paritaria de Aerol\u00edneas Argentinas: \u201cEstamos un 72% abajo comparando los salarios con la inflaci\u00f3n, desde noviembre hasta hoy. Para junio nos ofrecieron 0%, en julio, 3,5%. Y para agosto, el 3%\u201d.<\/p>\n\n\n\n<p>\u201cEsta situaci\u00f3n nos obliga a analizar nuevas medidas gremiales hacia el futuro\u201d, manifestaron desde el gremio conducido por Brey en un comunicado.<\/p>\n\n\n\n<p>El gremio Atepsa (Asociaci\u00f3n T\u00e9cnicos y Empleados de Protecci\u00f3n y Seguridad a la Aeronavegaci\u00f3n) hab\u00eda publicado el domingo un cronograma de medidas de fuerzas que comenzar\u00edan el pr\u00f3ximo viernes seis de septiembre y se extienden con jornadas durante todo el mes.<\/p>\n\n\n\n<p><\/p>\n\n\n\n<figure class=\"wp-block-image size-full\"><img loading=\"lazy\" decoding=\"async\" width=\"768\" height=\"400\" src=\"https:\/\/partediario.com.ar\/wp-content\/uploads\/f768x400-1645677_1689580_0.webp\" alt=\"\" class=\"wp-image-6851\" srcset=\"https:\/\/partediario.com.ar\/wp-content\/uploads\/f768x400-1645677_1689580_0.webp 768w, https:\/\/partediario.com.ar\/wp-content\/uploads\/f768x400-1645677_1689580_0-300x156.webp 300w\" sizes=\"auto, (max-width: 768px) 100vw, 768px\" \/><\/figure>\n\n\n\n<p><\/p>\n\n\n\n<p>De concretarse una nueva asamblea, ser\u00eda la sexta. Las otras cinco medidas de fuerzas se extendieron durante agosto y afectaron m\u00e1s de 11 mil pasajeros.<\/p>\n","protected":false},"excerpt":{"rendered":"<p>Despu&eacute;s de una fallida reuni&oacute;n entre Aerol&iacute;neas Argentinas y los sindicatos del sector, voceros de distintos gremios estudian la posibilidad de realizar nuevas medidas de fuerza. Tras una serie de asambleas que paralizaron varios vuelos y afectaron a mas de 11 mil pasajeros, Aerol&iacute;neas Argentinas mantuvo una reuni&oacute;n con los distintos gremios aeron&aacute;uticos. Luego de [&hellip;]<\/p>\n","protected":false},"author":2,"featured_media":6852,"comment_status":"open","ping_status":"open","sticky":false,"template":"","format":"standard","meta":{"footnotes":""},"categories":[978,5],"tags":[2972,962,2969,2973,2971,1186,2974,1642],"class_list":["post-6850","post","type-post","status-publish","format-standard","has-post-thumbnail","hentry","category-gremiales","category-nacionales","tag-aaa","tag-aerolineas-argentinas","tag-aeronauticos","tag-apa","tag-apla","tag-fuerza","tag-juan-pablo-brey","tag-medidas"],"_links":{"self":[{"href":"https:\/\/partediario.com.ar\/index.php?rest_route=\/wp\/v2\/posts\/6850","targetHints":{"allow":["GET"]}}],"collection":[{"href":"https:\/\/partediario.com.ar\/index.php?rest_route=\/wp\/v2\/posts"}],"about":[{"href":"https:\/\/partediario.com.ar\/index.php?rest_route=\/wp\/v2\/types\/post"}],"author":[{"embeddable":true,"href":"https:\/\/partediario.com.ar\/index.php?rest_route=\/wp\/v2\/users\/2"}],"replies":[{"embeddable":true,"href":"https:\/\/partediario.com.ar\/index.php?rest_route=%2Fwp%2Fv2%2Fcomments&post=6850"}],"version-history":[{"count":1,"href":"https:\/\/partediario.com.ar\/index.php?rest_route=\/wp\/v2\/posts\/6850\/revisions"}],"predecessor-version":[{"id":6853,"href":"https:\/\/partediario.com.ar\/index.php?rest_route=\/wp\/v2\/posts\/6850\/revisions\/6853"}],"wp:featuredmedia":[{"embeddable":true,"href":"https:\/\/partediario.com.ar\/index.php?rest_route=\/wp\/v2\/media\/6852"}],"wp:attachment":[{"href":"https:\/\/partediario.com.ar\/index.php?rest_route=%2Fwp%2Fv2%2Fmedia&parent=6850"}],"wp:term":[{"taxonomy":"category","embeddable":true,"href":"https:\/\/partediario.com.ar\/index.php?rest_route=%2Fwp%2Fv2%2Fcategories&post=6850"},{"taxonomy":"post_tag","embeddable":true,"href":"https:\/\/partediario.com.ar\/index.php?rest_route=%2Fwp%2Fv2%2Ftags&post=6850"}],"curies":[{"name":"wp","href":"https:\/\/api.w.org\/{rel}","templated":true}]}}