{"id":6862,"date":"2024-09-03T21:52:21","date_gmt":"2024-09-04T00:52:21","guid":{"rendered":"https:\/\/partediario.com.ar\/?p=6862"},"modified":"2024-09-03T21:52:26","modified_gmt":"2024-09-04T00:52:26","slug":"buscan-intensamente-a-una-joven-de-15-anos-desaparecida-en-rio-negro","status":"publish","type":"post","link":"https:\/\/partediario.com.ar\/?p=6862","title":{"rendered":"Buscan intensamente a una joven de 15 a\u00f1os desaparecida en R\u00edo Negro"},"content":{"rendered":"\n<h3 class=\"wp-block-heading\">La Polic\u00eda de R\u00edo Negro busca dar con el paradero de Gaviota Lucero Estrella Costich Demetrio, una joven de 15 a\u00f1os que fue vista por \u00faltima vez la noche del 1 de septiembre de 2024, en inmediaciones de la avenida San Martin.<\/h3>\n\n\n\n<p>La adolescente fue observada cerca de las 21:00 en la vereda de la Iglesia Evang\u00e9lica, ubicada en la calle Las Heras s\/n, cuando, seg\u00fan testigos, fue abordada por un veh\u00edculo del cual a\u00fan se desconoce la marca, modelo, patente y ocupantes.<\/p>\n\n\n\n<p><\/p>\n\n\n\n<figure class=\"wp-block-image size-large\"><img loading=\"lazy\" decoding=\"async\" width=\"1024\" height=\"763\" src=\"https:\/\/partediario.com.ar\/wp-content\/uploads\/Sin-titulo-1-1024x763.jpg\" alt=\"\" class=\"wp-image-6863\" srcset=\"https:\/\/partediario.com.ar\/wp-content\/uploads\/Sin-titulo-1-1024x763.jpg 1024w, https:\/\/partediario.com.ar\/wp-content\/uploads\/Sin-titulo-1-300x224.jpg 300w, https:\/\/partediario.com.ar\/wp-content\/uploads\/Sin-titulo-1-768x572.jpg 768w, https:\/\/partediario.com.ar\/wp-content\/uploads\/Sin-titulo-1.jpg 1162w\" sizes=\"auto, (max-width: 1024px) 100vw, 1024px\" \/><\/figure>\n\n\n\n<p><\/p>\n\n\n\n<p>Al momento de ausentarse, Gaviota vest\u00eda un vestido largo color blanco con rosas rojas, una campera de cuero negra y sandalias oscuras. Es de contextura mediana, tiene el cabello rubio con reflejos y mide aproximadamente 1.50 metros. Sus ojos son de un tono marr\u00f3n claro y su tez es blanca. La joven llevaba consigo un celular iPhone 11 color negro.<\/p>\n\n\n\n<p>Ante cualquier informaci\u00f3n que pueda ayudar a localizarla pueden acercarse a la Comisar\u00eda 12da de El Bols\u00f3n o a las l\u00edneas telef\u00f3nicas 294-4492200 y 294-4483475 para recibir cualquier dato que pueda ser \u00fatil en la investigaci\u00f3n. Tambi\u00e9n al 911 en caso de emergencias relacionadas con el caso.<\/p>\n","protected":false},"excerpt":{"rendered":"<p>La Polic&iacute;a de R&iacute;o Negro busca dar con el paradero de Gaviota Lucero Estrella Costich Demetrio, una joven de 15 a&ntilde;os que fue vista por &uacute;ltima vez la noche del 1 de septiembre de 2024, en inmediaciones de la avenida San Martin. La adolescente fue observada cerca de las 21:00 en la vereda de la [&hellip;]<\/p>\n","protected":false},"author":2,"featured_media":6864,"comment_status":"open","ping_status":"open","sticky":false,"template":"","format":"standard","meta":{"footnotes":""},"categories":[5,7],"tags":[449,2980,438,1764],"class_list":["post-6862","post","type-post","status-publish","format-standard","has-post-thumbnail","hentry","category-nacionales","category-policiales","tag-busqueda","tag-gaviota-lucero-estrella-costich-demetrio","tag-policiales","tag-rio-negro"],"_links":{"self":[{"href":"https:\/\/partediario.com.ar\/index.php?rest_route=\/wp\/v2\/posts\/6862","targetHints":{"allow":["GET"]}}],"collection":[{"href":"https:\/\/partediario.com.ar\/index.php?rest_route=\/wp\/v2\/posts"}],"about":[{"href":"https:\/\/partediario.com.ar\/index.php?rest_route=\/wp\/v2\/types\/post"}],"author":[{"embeddable":true,"href":"https:\/\/partediario.com.ar\/index.php?rest_route=\/wp\/v2\/users\/2"}],"replies":[{"embeddable":true,"href":"https:\/\/partediario.com.ar\/index.php?rest_route=%2Fwp%2Fv2%2Fcomments&post=6862"}],"version-history":[{"count":1,"href":"https:\/\/partediario.com.ar\/index.php?rest_route=\/wp\/v2\/posts\/6862\/revisions"}],"predecessor-version":[{"id":6865,"href":"https:\/\/partediario.com.ar\/index.php?rest_route=\/wp\/v2\/posts\/6862\/revisions\/6865"}],"wp:featuredmedia":[{"embeddable":true,"href":"https:\/\/partediario.com.ar\/index.php?rest_route=\/wp\/v2\/media\/6864"}],"wp:attachment":[{"href":"https:\/\/partediario.com.ar\/index.php?rest_route=%2Fwp%2Fv2%2Fmedia&parent=6862"}],"wp:term":[{"taxonomy":"category","embeddable":true,"href":"https:\/\/partediario.com.ar\/index.php?rest_route=%2Fwp%2Fv2%2Fcategories&post=6862"},{"taxonomy":"post_tag","embeddable":true,"href":"https:\/\/partediario.com.ar\/index.php?rest_route=%2Fwp%2Fv2%2Ftags&post=6862"}],"curies":[{"name":"wp","href":"https:\/\/api.w.org\/{rel}","templated":true}]}}