{"id":6866,"date":"2024-09-04T10:11:01","date_gmt":"2024-09-04T13:11:01","guid":{"rendered":"https:\/\/partediario.com.ar\/?p=6866"},"modified":"2024-09-04T10:11:02","modified_gmt":"2024-09-04T13:11:02","slug":"nacion-analiza-congelar-los-salarios-de-estatales-los-ultimos-meses-del-ano","status":"publish","type":"post","link":"https:\/\/partediario.com.ar\/?p=6866","title":{"rendered":"Naci\u00f3n analiza congelar los salarios de estatales los \u00faltimos meses del a\u00f1o"},"content":{"rendered":"\n<h3 class=\"wp-block-heading\">El Gobierno busca que ese esquema se convierta en una referencia para la negociaci\u00f3n con los gremios del sector privado.<\/h3>\n\n\n\n<p>Luego de acordar un nuevo tramo de la paritaria sectorial la semana pasada, el Gobierno transmiti\u00f3 a los gremios que representan a los estatales nacionales su decisi\u00f3n de no conceder m\u00e1s aumentos salariales en lo que resta del a\u00f1o. La misma determinaci\u00f3n fue adelantada adem\u00e1s a la representaci\u00f3n sindical en el resto de las negociaciones en las que el Estado discute salarios como empleador, y la apuesta de la administraci\u00f3n de Javier Milei es que el esquema que pretende imponer en el sector p\u00fablico se generalice como la principal referencia para las paritarias en la actividad privada. El objetivo de fondo es moderar las subas salariales de modo tal de despejar cualquier factor de presi\u00f3n sobre la inflaci\u00f3n que el Ejecutivo aspira a que converja en un nivel lo m\u00e1s cercano a 0% al final del a\u00f1o.<\/p>\n\n\n\n<p>El mensaje oficial se replic\u00f3 insistentemente en las mesas paritarias en marcha durante las \u00faltimas semanas: \u201cPedimos responsabilidad en la negociaci\u00f3n para que los aumentos acompa\u00f1en la desaceleraci\u00f3n de la inflaci\u00f3n\u201c. El plan de la gesti\u00f3n libertaria supone avanzar primero con la definici\u00f3n de las subas en el sector p\u00fablico para marcarle el terreno a las discusiones entre gremios y empresas de la actividad privada que en su mayor\u00eda deber\u00e1n negociar los aumentos del \u00faltimo trimestre. Con ello -interpreta- lograr\u00eda encarrilar sus expectativas inflacionarias para ubicarlas en torno al 3% en septiembre, cerca del 2% en octubre y desde all\u00ed profundizar el camino descendente hacia diciembre.<\/p>\n\n\n\n<p>\u201cNo estamos planteando topes ni techos\u201d, anticipan en la Secretar\u00eda de Trabajo, que encabeza Julio Cordero. Pero el esquema alentado por el Ministerio de Econom\u00eda, de Luis Caputo, contempla que los incrementos de octubre se ubiquen en torno al 2% para desde all\u00ed trazar un sendero de congelamiento en el bimestre noviembre-diciembre.<\/p>\n\n\n\n<p>Los jefes de UPCN, Andr\u00e9s Rodr\u00edguez, y de ATE, Rodolfo Aguiar, los dos gremios que representan a los agentes de la administraci\u00f3n p\u00fablica nacional, se anoticiaron del plan del Gobierno durante la reuni\u00f3n paritaria que mantuvieron el viernes pasado. All\u00ed la propuesta inicial del Ejecutivo contemplaba para el \u00faltimo cuatrimestre del a\u00f1o solo un aumento del 2% con los sueldos de octubre, pero -tras la negativa sindical- se fij\u00f3 una suba de 2% para este mes y 1% adicional para el pr\u00f3ximo. Y aunque Rodr\u00edguez y Aguiar rechazaron firmarlo, los funcionarios ratificaron que para noviembre y diciembre no habr\u00e1 incrementos para estatales.<\/p>\n\n\n\n<p>\u201cEs un caramelo masticable\u201c, denunci\u00f3 Aguiar al repudiar el aumento para los trabajadores del sector. Desde UPCN, a su vez, advirtieron que desde el inicio de la gesti\u00f3n Milei el personal de la administraci\u00f3n p\u00fablica nacional arrastra un deterioro de los salarios reales superior al 25%.<\/p>\n\n\n\n<p>La misma estrategia se replica en la negociaci\u00f3n con los trabajadores de AYSA, una se las empresas estatales sujetas a privatizaci\u00f3n seg\u00fan se defini\u00f3 en la Ley Bases. En ese caso la paritaria firmada fij\u00f3 aumentos de 3,5%, 3% y 2% para los meses de julio, agosto y septiembre respectivamente, en tanto se defini\u00f3 que el personal no recibir\u00e1 ning\u00fan incremento en el trimestre octubre-diciembre. El gremio que lidera Jos\u00e9 Luis Lingeri rechaz\u00f3 categ\u00f3ricamente el congelamiento y advirti\u00f3 -en di\u00e1logo con este diario- que la p\u00e9rdida del poder adquisitivo de los salarios del sector ya acumula un 25%.<\/p>\n\n\n\n<p>El camino es el mismo que se traz\u00f3 el Gobierno en la tensa discusi\u00f3n con los diferentes gremios que agrupan a los trabajadores de Aerol\u00edneas Argentinas, negociaci\u00f3n que se desarrolla en medio de un dur\u00edsimo conflicto con medidas de fuerza y protestas durante todo el mes de agosto. La propuesta de la aerol\u00ednea de bandera defini\u00f3 0% para julio, 3,5% en julio y 3% para agosto (un esquema rechazado por los sindicatos), pero el plan oficial supone recortar sensiblemente los aumentos desde septiembre para culminar con un congelamiento en el bimestre final del a\u00f1o.<\/p>\n\n\n\n<p>\u201cLa idea es imponer un criterio generalizado, para todos\u201c, advierten los sindicalistas que negocian las paritarias con la gesti\u00f3n Milei como contraparte. Pero sus pares del sector privado advierten que ser\u00e1 imposible trasladar ese esquema a sus respectivas paritarias sin se\u00f1ales concretas de que la inflaci\u00f3n hacia diciembre confluir\u00e1 en torno al 0%. Sin embargo, algunas de las paritarias selladas en las \u00faltimas semanas dan cuenta de una desaceleraci\u00f3n significativa de los aumentos salariales respecto de los niveles alcanzados entre julio y agosto.<\/p>\n\n\n\n<p>Uno de esos casos lo plantea el entendimiento sellado en la industria metal\u00fargica que fij\u00f3 un incremento de 2,5% para los sueldos de octubre, no muy lejos de la expectativa de la casa Rosada. Si bien la actividad es una de las m\u00e1s golpeadas por la recesi\u00f3n econ\u00f3mica y acumula a la fecha m\u00e1s de 14.000 trabajadores suspendidos, seg\u00fan revel\u00f3 este martes el propio titular de la UOM, Abel Furl\u00e1n, por tratarse de la paritaria m\u00e1s importante del sector fabril suele ser una referencia importante para otras ramas industriales.<\/p>\n\n\n\n<p>El sindicato de Camioneros de Hugo Moyano tampoco se desmarc\u00f3 demasiado de la pauta que pretende generalizar el Gobierno, pese a la recurrente verborragia p\u00fablica de su hijo Pablo Moyano contra la administraci\u00f3n Milei. El gremio firm\u00f3 un par de semanas atr\u00e1s un aumento para el trimestre agosto-octubre que estableci\u00f3 para el pr\u00f3ximo mes una suba de 3% que en t\u00e9rminos reales se ubica en el 2,8%.<\/p>\n\n\n\n<p>Otros entendimientos del sector privado definidos recientemente parecen algo m\u00e1s alejados de la expectativa oficial. Son los casos de los acuerdos de la UOCRA, que sell\u00f3 subas acumulativas de 5% y 4% para el bimestre agosto-septiembre. \u201cEl Gobierno puede tener esa pretensi\u00f3n, pero tiene que estar acompa\u00f1ada por el mismo compromiso de parte de los formadores de precios y los datos no reflejan por ahora ese comportamiento\u201d, afirm\u00f3 a Clarin el titular del gremio, Gerardo Mart\u00ednez. En el mismo sentido se expres\u00f3 ante la consulta de este diario el triunviro de la CGT y secretario general de Sanidad, H\u00e9ctor Daer, que viene de consensuar un incremento de 8,5% para los meses de agosto y septiembre en el sector asistencial. \u201cPuede ser que se est\u00e9 planteando (un congelamiento) para el sector p\u00fablico, pero en el privado no lo vemos\u201d, indic\u00f3 el dirigente.<\/p>\n\n\n\n<p>Por su parte el gremio de Comercio, el que negocia la paritaria m\u00e1s numerosa del sector privado, toman distancia de la posibilidad de acompa\u00f1ar un pauta de aumento de 2% para octubre y en torno a 0% para el \u00faltimo bimestre. Desde mitad de mes el sindicato que lidera Armando Cavalieri proyecta discutir incrementos promedio del 3% mensual para el trimestre octubre-diciembre.<\/p>\n","protected":false},"excerpt":{"rendered":"<p>El Gobierno busca que ese esquema se convierta en una referencia para la negociaci&oacute;n con los gremios del sector privado. Luego de acordar un nuevo tramo de la paritaria sectorial la semana pasada, el Gobierno transmiti&oacute; a los gremios que representan a los estatales nacionales su decisi&oacute;n de no conceder m&aacute;s aumentos salariales en lo [&hellip;]<\/p>\n","protected":false},"author":2,"featured_media":6867,"comment_status":"open","ping_status":"open","sticky":false,"template":"","format":"standard","meta":{"footnotes":""},"categories":[5,176],"tags":[2981,1816,232,792,332,2982],"class_list":["post-6866","post","type-post","status-publish","format-standard","has-post-thumbnail","hentry","category-nacionales","category-politica","tag-congelar","tag-estatales","tag-javier-milei","tag-luis-caputo","tag-nacion","tag-salarios"],"_links":{"self":[{"href":"https:\/\/partediario.com.ar\/index.php?rest_route=\/wp\/v2\/posts\/6866","targetHints":{"allow":["GET"]}}],"collection":[{"href":"https:\/\/partediario.com.ar\/index.php?rest_route=\/wp\/v2\/posts"}],"about":[{"href":"https:\/\/partediario.com.ar\/index.php?rest_route=\/wp\/v2\/types\/post"}],"author":[{"embeddable":true,"href":"https:\/\/partediario.com.ar\/index.php?rest_route=\/wp\/v2\/users\/2"}],"replies":[{"embeddable":true,"href":"https:\/\/partediario.com.ar\/index.php?rest_route=%2Fwp%2Fv2%2Fcomments&post=6866"}],"version-history":[{"count":1,"href":"https:\/\/partediario.com.ar\/index.php?rest_route=\/wp\/v2\/posts\/6866\/revisions"}],"predecessor-version":[{"id":6868,"href":"https:\/\/partediario.com.ar\/index.php?rest_route=\/wp\/v2\/posts\/6866\/revisions\/6868"}],"wp:featuredmedia":[{"embeddable":true,"href":"https:\/\/partediario.com.ar\/index.php?rest_route=\/wp\/v2\/media\/6867"}],"wp:attachment":[{"href":"https:\/\/partediario.com.ar\/index.php?rest_route=%2Fwp%2Fv2%2Fmedia&parent=6866"}],"wp:term":[{"taxonomy":"category","embeddable":true,"href":"https:\/\/partediario.com.ar\/index.php?rest_route=%2Fwp%2Fv2%2Fcategories&post=6866"},{"taxonomy":"post_tag","embeddable":true,"href":"https:\/\/partediario.com.ar\/index.php?rest_route=%2Fwp%2Fv2%2Ftags&post=6866"}],"curies":[{"name":"wp","href":"https:\/\/api.w.org\/{rel}","templated":true}]}}