{"id":6872,"date":"2024-09-04T10:22:01","date_gmt":"2024-09-04T13:22:01","guid":{"rendered":"https:\/\/partediario.com.ar\/?p=6872"},"modified":"2024-09-04T10:22:01","modified_gmt":"2024-09-04T13:22:01","slug":"milei-denego-por-decreto-un-pedido-contra-la-candidatura-de-lijo-a-la-corte-suprema","status":"publish","type":"post","link":"https:\/\/partediario.com.ar\/?p=6872","title":{"rendered":"Milei deneg\u00f3 por decreto un pedido contra la candidatura de Lijo a la Corte Suprema"},"content":{"rendered":"\n<h3 class=\"wp-block-heading\">El presidente Javier Milei desestim\u00f3 a trav\u00e9s de un decreto una petici\u00f3n que buscaba frenar el pliego del juez federal Ariel Lijo como integrante de la Corte Suprema de Justicia.<\/h3>\n\n\n\n<p>En el Bolet\u00edn Oficial este mi\u00e9rcoles se public\u00f3 el decreto 785\/2024, con la firma de Milei y del ministro de Justicia, Mariano C\u00faneo Libarona: \u201cDesest\u00edmase, por resultar inadmisible, la petici\u00f3n inciada contra la solicitud de Acuerdo para designar al doctor Ariel Oscar Lijo en un cargo vacante en la Corte Suprema de Justicia de la Naci\u00f3n, cursada al H. Senado de la Naci\u00f3n mediante el mensaje N\u00b0 31 del 27 de mayo de 2024\u2033.<\/p>\n\n\n\n<p>Se trataba de un planteo que marcaba supuestas irregularidades en la presentaci\u00f3n administrativa del pliego de Lijo presentado por \u201cel Colegio De Abogados De La Ciudad De Buenos Aires, Ser\u00e1 Justicia, Acci\u00f3n Conjunta Republicana (Acr), Asociaci\u00f3n Civil Usina De Justicia, Entre R\u00edos Sin Corrupci\u00f3n y Profesores Republicanos\u201d.<\/p>\n\n\n\n<p>Hab\u00edan participado adem\u00e1s, \u201clos se\u00f1ores Alejandro E. Fargosi, Daniel Sabsay, Pablo A. Pirovano, Gerardo Enrique Vega, Alberto Fidel Cohan, Ezequiel Nino, Alejandro Drucaroff, Marcelo De Jes\u00fas y Marcelo A. Camerini\u201d.<\/p>\n\n\n\n<p>De esta manera, el Gobierno profundiza su respaldo a la candidatura de Lijo, cuestionada por distintos sectores, incluso por dirigentes de La Libertad Avanza (LLA), como la vicepresidenta Victoria Villarruel.<\/p>\n\n\n\n<p>Al rechazar la presentaci\u00f3n, el Poder Ejecutivo se\u00f1al\u00f3 que \u201cel acto cuestionado no exhibe contradicciones en su parte dispositiva; ni ha sido descubierto alg\u00fan documento decisivo no presentado antes por desconocerse su existencia, por razones de fuerza mayor o por el hecho de un tercero; ni tampoco ha mediado la declaraci\u00f3n de falsedad de alg\u00fan documento que haya servido de base a lo decidido; como finalmente tampoco existe pronunciamiento jurisdiccional alguno del que surja la existencia de los il\u00edcitos que contempla la norma\u201d.<\/p>\n","protected":false},"excerpt":{"rendered":"<p>El presidente Javier Milei desestim&oacute; a trav&eacute;s de un decreto una petici&oacute;n que buscaba frenar el pliego del juez federal Ariel Lijo como integrante de la Corte Suprema de Justicia. En el Bolet&iacute;n Oficial este mi&eacute;rcoles se public&oacute; el decreto 785\/2024, con la firma de Milei y del ministro de Justicia, Mariano C&uacute;neo Libarona: &ldquo;Desest&iacute;mase, [&hellip;]<\/p>\n","protected":false},"author":2,"featured_media":6873,"comment_status":"open","ping_status":"open","sticky":false,"template":"","format":"standard","meta":{"footnotes":""},"categories":[979,5,176],"tags":[2725,2987,232,1270,2053,690],"class_list":["post-6872","post","type-post","status-publish","format-standard","has-post-thumbnail","hentry","category-judiciales","category-nacionales","category-politica","tag-ariel-lijo","tag-contra","tag-javier-milei","tag-mariano-cuneo-libarona","tag-pedido","tag-rechazo"],"_links":{"self":[{"href":"https:\/\/partediario.com.ar\/index.php?rest_route=\/wp\/v2\/posts\/6872","targetHints":{"allow":["GET"]}}],"collection":[{"href":"https:\/\/partediario.com.ar\/index.php?rest_route=\/wp\/v2\/posts"}],"about":[{"href":"https:\/\/partediario.com.ar\/index.php?rest_route=\/wp\/v2\/types\/post"}],"author":[{"embeddable":true,"href":"https:\/\/partediario.com.ar\/index.php?rest_route=\/wp\/v2\/users\/2"}],"replies":[{"embeddable":true,"href":"https:\/\/partediario.com.ar\/index.php?rest_route=%2Fwp%2Fv2%2Fcomments&post=6872"}],"version-history":[{"count":1,"href":"https:\/\/partediario.com.ar\/index.php?rest_route=\/wp\/v2\/posts\/6872\/revisions"}],"predecessor-version":[{"id":6874,"href":"https:\/\/partediario.com.ar\/index.php?rest_route=\/wp\/v2\/posts\/6872\/revisions\/6874"}],"wp:featuredmedia":[{"embeddable":true,"href":"https:\/\/partediario.com.ar\/index.php?rest_route=\/wp\/v2\/media\/6873"}],"wp:attachment":[{"href":"https:\/\/partediario.com.ar\/index.php?rest_route=%2Fwp%2Fv2%2Fmedia&parent=6872"}],"wp:term":[{"taxonomy":"category","embeddable":true,"href":"https:\/\/partediario.com.ar\/index.php?rest_route=%2Fwp%2Fv2%2Fcategories&post=6872"},{"taxonomy":"post_tag","embeddable":true,"href":"https:\/\/partediario.com.ar\/index.php?rest_route=%2Fwp%2Fv2%2Ftags&post=6872"}],"curies":[{"name":"wp","href":"https:\/\/api.w.org\/{rel}","templated":true}]}}