{"id":6885,"date":"2024-09-04T11:22:49","date_gmt":"2024-09-04T14:22:49","guid":{"rendered":"https:\/\/partediario.com.ar\/?p=6885"},"modified":"2024-09-04T11:22:49","modified_gmt":"2024-09-04T14:22:49","slug":"confirmaron-la-causa-de-la-muerte-de-la-mitica-actriz-selva-aleman","status":"publish","type":"post","link":"https:\/\/partediario.com.ar\/?p=6885","title":{"rendered":"Confirmaron la causa de la muerte de la m\u00edtica actriz Selva Alem\u00e1n"},"content":{"rendered":"\n<h3 class=\"wp-block-heading\">La actriz Selva Alem\u00e1n falleci\u00f3 a los 80 a\u00f1os, dejando un legado imborrable en el arte nacional. Su carrera en teatro, cine y TV ser\u00e1 recordada por siempre.<\/h3>\n\n\n\n<p>Este martes 3 de septiembre de 2024, la actriz Selva Alem\u00e1n falleci\u00f3 a los 80 a\u00f1os debido a un infarto masivo. La noticia fue confirmada por la Asociaci\u00f3n Argentina de Actores, que confirm\u00f3 por medio de un comunicado, su profundo pesar por la p\u00e9rdida de una de las figuras m\u00e1s queridas y respetadas del \u00e1mbito art\u00edstico nacional.<\/p>\n\n\n\n<p>La actriz se encontraba internada en la Cl\u00ednica Zabala, en el barrio porte\u00f1o de Colegiales y muri\u00f3 de un infarto.<\/p>\n\n\n\n<p>Selva Alem\u00e1n, nacida el 30 de abril de 1944 en Buenos Aires, se destac\u00f3 a lo largo de su carrera en teatro, cine y televisi\u00f3n, convirti\u00e9ndose en un \u00edcono de la actuaci\u00f3n en Argentina.<\/p>\n\n\n\n<p><strong>A lo largo de su carrera, Alem\u00e1n recibi\u00f3 numerosos premios y reconocimientos, entre otros:<\/strong><\/p>\n\n\n\n<p>Premio Tal\u00eda (1963)<\/p>\n\n\n\n<p>Premios Mart\u00edn Fierro (1963, 1998, 2002, 2010)<\/p>\n\n\n\n<p>Premio Cronistas Teatrales (1964)<\/p>\n\n\n\n<p>Premio Florencio S\u00e1nchez (2007, 2008)<\/p>\n\n\n\n<p>Premios FundTv, Senado de la Naci\u00f3n y Asociaci\u00f3n Argentina de Actores a la trayectoria (2010)<\/p>\n\n\n\n<p>Diploma al M\u00e9rito y Premio Konex de Platino (2011)<\/p>\n\n\n\n<p>Premio ACE (2007, 2015, incluyendo ACE de Oro)<\/p>\n\n\n\n<p>La Asociaci\u00f3n Argentina de Actores, en su comunicado, destac\u00f3 no solo su legado art\u00edstico, sino tambi\u00e9n su calidad humana: \u00abCon profundo pesar informamos el fallecimiento de la querida actriz Selva Alem\u00e1n. Extendemos nuestras m\u00e1s sinceras condolencias a su compa\u00f1ero de vida, Arturo Puig, y a todos sus seres queridos en este dif\u00edcil momento. Recordamos a Selva con el respeto que supo ganarse a lo largo de su extensa trayectoria art\u00edstica en teatro, cine y TV\u00bb.<\/p>\n\n\n\n<p><strong>La vida con Arturo Puig<\/strong><\/p>\n\n\n\n<p>Alem\u00e1n, quien estuvo casada durante m\u00e1s de cuatro d\u00e9cadas con el actor Arturo Puig, comparti\u00f3 con \u00e9l no solo su vida personal, adem\u00e1s sus proyectos profesionales que fortalecieron su v\u00ednculo y su prestigio en la industria. Juntos protagonizaron numerosas obras de teatro, demostrando una qu\u00edmica inigualable que los convirti\u00f3 en una de las parejas m\u00e1s emblem\u00e1ticas del espect\u00e1culo argentino.<\/p>\n\n\n\n<p><strong>Su legado en la actuaci\u00f3n qued\u00f3 evidenciado en su amplia filmograf\u00eda, tanto en cine como en televisi\u00f3n, donde trabaj\u00f3 en t\u00edtulos destacados como:<\/strong><\/p>\n\n\n\n<p>Cine<\/p>\n\n\n\n<p>\u00abEl bruto\u00bb (1962)<\/p>\n\n\n\n<p>\u00abEl grito de Celina\u00bb (1976)<\/p>\n\n\n\n<p>\u00abAsesinato en el Senado de la Naci\u00f3n\u00bb (1984)<\/p>\n\n\n\n<p>\u00abAlg\u00fan lugar en ninguna parte\u00bb (2009)<\/p>\n\n\n\n<p>\u00abObjetos\u00bb (2023)<\/p>\n\n\n\n<p>Televisi\u00f3n<\/p>\n\n\n\n<p>\u00abAtreverse\u00bb (1990)<\/p>\n\n\n\n<p>\u00abFiscales\u00bb (1998)<\/p>\n\n\n\n<p>\u00abTiempo final\u00bb (2002)<\/p>\n\n\n\n<p>\u00abLalola\u00bb (2007-2008)<\/p>\n\n\n\n<p>\u00abMalparida\u00bb (2010)<\/p>\n\n\n\n<p>\u00abPeque\u00f1a Victoria\u00bb (2019)<\/p>\n\n\n\n<p>\u00abDos 20\u00bb (2022).<\/p>\n","protected":false},"excerpt":{"rendered":"<p>La actriz Selva Alem&aacute;n falleci&oacute; a los 80 a&ntilde;os, dejando un legado imborrable en el arte nacional. Su carrera en teatro, cine y TV ser&aacute; recordada por siempre. Este martes 3 de septiembre de 2024, la actriz Selva Alem&aacute;n falleci&oacute; a los 80 a&ntilde;os debido a un infarto masivo. La noticia fue confirmada por la [&hellip;]<\/p>\n","protected":false},"author":2,"featured_media":6886,"comment_status":"open","ping_status":"open","sticky":false,"template":"","format":"standard","meta":{"footnotes":""},"categories":[5,726],"tags":[2861,1024,2995],"class_list":["post-6885","post","type-post","status-publish","format-standard","has-post-thumbnail","hentry","category-nacionales","category-sociedad","tag-causas","tag-fallecimiento","tag-selva-aleman"],"_links":{"self":[{"href":"https:\/\/partediario.com.ar\/index.php?rest_route=\/wp\/v2\/posts\/6885","targetHints":{"allow":["GET"]}}],"collection":[{"href":"https:\/\/partediario.com.ar\/index.php?rest_route=\/wp\/v2\/posts"}],"about":[{"href":"https:\/\/partediario.com.ar\/index.php?rest_route=\/wp\/v2\/types\/post"}],"author":[{"embeddable":true,"href":"https:\/\/partediario.com.ar\/index.php?rest_route=\/wp\/v2\/users\/2"}],"replies":[{"embeddable":true,"href":"https:\/\/partediario.com.ar\/index.php?rest_route=%2Fwp%2Fv2%2Fcomments&post=6885"}],"version-history":[{"count":1,"href":"https:\/\/partediario.com.ar\/index.php?rest_route=\/wp\/v2\/posts\/6885\/revisions"}],"predecessor-version":[{"id":6887,"href":"https:\/\/partediario.com.ar\/index.php?rest_route=\/wp\/v2\/posts\/6885\/revisions\/6887"}],"wp:featuredmedia":[{"embeddable":true,"href":"https:\/\/partediario.com.ar\/index.php?rest_route=\/wp\/v2\/media\/6886"}],"wp:attachment":[{"href":"https:\/\/partediario.com.ar\/index.php?rest_route=%2Fwp%2Fv2%2Fmedia&parent=6885"}],"wp:term":[{"taxonomy":"category","embeddable":true,"href":"https:\/\/partediario.com.ar\/index.php?rest_route=%2Fwp%2Fv2%2Fcategories&post=6885"},{"taxonomy":"post_tag","embeddable":true,"href":"https:\/\/partediario.com.ar\/index.php?rest_route=%2Fwp%2Fv2%2Ftags&post=6885"}],"curies":[{"name":"wp","href":"https:\/\/api.w.org\/{rel}","templated":true}]}}