{"id":6891,"date":"2024-09-04T12:12:58","date_gmt":"2024-09-04T15:12:58","guid":{"rendered":"https:\/\/partediario.com.ar\/?p=6891"},"modified":"2024-09-04T12:12:58","modified_gmt":"2024-09-04T15:12:58","slug":"se-quemaron-mas-de-12-600-hectareas-en-cordoba-y-hay-un-detenido-tras-los-incendios-forestales","status":"publish","type":"post","link":"https:\/\/partediario.com.ar\/?p=6891","title":{"rendered":"Se quemaron m\u00e1s de 12.600 hect\u00e1reas en C\u00f3rdoba y hay un detenido tras los incendios forestales"},"content":{"rendered":"\n<h3 class=\"wp-block-heading\">El incendio forestal que arrasa pinares desde el lunes en Yacanto de Calamuchita, en la zona de El Durazno, ya devor\u00f3 al menos 12.600 hect\u00e1reas, seg\u00fan lo informado este martes a la tarde por el vocero de la Secretar\u00eda de Gesti\u00f3n de Riesgo Clim\u00e1tico, Cat\u00e1strofes y Protecci\u00f3n Civil de C\u00f3rdoba, Roberto Schreiner.<\/h3>\n\n\n\n<p>Schreiner detall\u00f3 que la zona devastada por las llamas tiene un per\u00edmetro de 86 kil\u00f3metros.<\/p>\n\n\n\n<p>En este dif\u00edcil contexto, el funcionario provincial precis\u00f3 que permanecen activos tres sectores de fuego en la zona, pero sin riesgo para viviendas. Al respecto, asegur\u00f3: \u201cEl lunes a la noche, los bomberos hicieron un trabajo impresionante y evitaron que este martes se quemaran muchas casas. Se incendiaron cinco o seis, pero se evit\u00f3 que fueran como cien\u201d.<\/p>\n\n\n\n<p><\/p>\n\n\n\n<figure class=\"wp-block-image size-full\"><img loading=\"lazy\" decoding=\"async\" width=\"768\" height=\"512\" src=\"https:\/\/partediario.com.ar\/wp-content\/uploads\/f768x1-714540_714667_5050.webp\" alt=\"\" class=\"wp-image-6892\" srcset=\"https:\/\/partediario.com.ar\/wp-content\/uploads\/f768x1-714540_714667_5050.webp 768w, https:\/\/partediario.com.ar\/wp-content\/uploads\/f768x1-714540_714667_5050-300x200.webp 300w\" sizes=\"auto, (max-width: 768px) 100vw, 768px\" \/><\/figure>\n\n\n\n<p><\/p>\n\n\n\n<p>Y agreg\u00f3: \u201cCalculamos que estamos en un 60 por ciento contenido, pero se trabajar\u00e1 toda la noche. Creemos que le vamos ganando al fuego, pero el problema son los reinicios\u201d.<\/p>\n\n\n\n<p><strong>Un detenido<\/strong><\/p>\n\n\n\n<p>Por otra parte, el Ministerio P\u00fablico Fiscal de la provincia confirm\u00f3 este martes por la tarde la detenci\u00f3n e imputaci\u00f3n de un individuo mayor de edad como supuesto autor del delito de incendio culposo agravado en Yacanto, El Durazno, y otras localidades del departamento de Calamuchita.<\/p>\n\n\n\n<p>La persona arrestada es residente en la zona y su identificaci\u00f3n fue producto del trabajo de la Fiscal\u00eda, la Divisi\u00f3n de Investigaciones de Calamuchita, el grupo especializado de Bomberos de C\u00f3rdoba y DUAR.<\/p>\n\n\n\n<p>La fiscal a cargo de la investigaci\u00f3n, Paula del Luj\u00e1n Bruera, se\u00f1al\u00f3 que adem\u00e1s se orden\u00f3 un allanamiento en una de las viviendas de este sector y el secuestro de material que puede ser importante en la causa a los fines de probar la participaci\u00f3n y el delito que se le imputa al detenido.<\/p>\n\n\n\n<p><\/p>\n\n\n\n<figure class=\"wp-block-image size-full\"><img loading=\"lazy\" decoding=\"async\" width=\"760\" height=\"469\" src=\"https:\/\/partediario.com.ar\/wp-content\/uploads\/ARCHI_1216473.jpg\" alt=\"\" class=\"wp-image-6893\" srcset=\"https:\/\/partediario.com.ar\/wp-content\/uploads\/ARCHI_1216473.jpg 760w, https:\/\/partediario.com.ar\/wp-content\/uploads\/ARCHI_1216473-300x185.jpg 300w\" sizes=\"auto, (max-width: 760px) 100vw, 760px\" \/><\/figure>\n\n\n\n<p><\/p>\n\n\n\n<p>El detenido es un hombre de 71 a\u00f1os imputado por \u201cincendio culposo agravado\u201d, lo que implica que, por el momento, no se considera que haya tenido la intenci\u00f3n de causar da\u00f1o. \u201cLa hip\u00f3tesis que maneja la Fiscal\u00eda es que hubo un acto negligente por parte de esta persona, que tuvo como consecuencia el incendio\u201d, detall\u00f3.<\/p>\n\n\n\n<p>La fiscal aclar\u00f3 que, aunque \u201clos actos negligentes no tienen consecuencias penales\u201d, el incendio culposo est\u00e1 regulado en el C\u00f3digo Penal y puede conllevar penas de entre uno y cinco a\u00f1os de prisi\u00f3n. \u201cEstamos hablando de un delito culposo agravado, cuando pone en peligro de muerte a las personas\u201d, se\u00f1al\u00f3.<\/p>\n\n\n\n<p>Se investiga si el detenido fue quien dio el aviso a los bomberos sobre el inicio del incendio, aunque esta informaci\u00f3n a\u00fan debe ser corroborada. \u201cHay un llamado que en principio habr\u00eda realizado esta persona, lo cual falta corroborar todav\u00eda\u201d, a\u00f1adi\u00f3 Bruera.<\/p>\n\n\n\n<p>La fiscal destac\u00f3 adem\u00e1s, que las pericias realizadas por los bomberos son fundamentales para determinar el origen del fuego y los elementos que lo causaron. El detenido se encuentra privado de libertad y en las pr\u00f3ximas horas se le tomar\u00e1 declaraci\u00f3n indagatoria.<\/p>\n\n\n\n<p>Por su parte, la Secretar\u00eda de Gesti\u00f3n de Riesgo Clim\u00e1tico, Cat\u00e1strofes y Protecci\u00f3n Civil de C\u00f3rdoba inform\u00f3 que contin\u00faa el trabajo por parte de bomberos voluntarios, personal de ETAC y Plan Provincial de Manejo del Fuego en el incendio desatado en el sector de El Durazno.<\/p>\n\n\n\n<p>Son 210 bomberos, tres aviones y dos helic\u00f3pteros los que combat\u00edan las llamas este martes.<\/p>\n\n\n\n<p>\u201cEstamos haciendo guardia de cenizas y hay que esperar a la nueva directiva. Lo que se hizo ac\u00e1 es limpiar el monte para que no se siga extendiendo la zona\u201d, se\u00f1al\u00f3 un bombero de la Regional 8.<\/p>\n","protected":false},"excerpt":{"rendered":"<p>El incendio forestal que arrasa pinares desde el lunes en Yacanto de Calamuchita, en la zona de El Durazno, ya devor&oacute; al menos 12.600 hect&aacute;reas, seg&uacute;n lo informado este martes a la tarde por el vocero de la Secretar&iacute;a de Gesti&oacute;n de Riesgo Clim&aacute;tico, Cat&aacute;strofes y Protecci&oacute;n Civil de C&oacute;rdoba, Roberto Schreiner. Schreiner detall&oacute; que [&hellip;]<\/p>\n","protected":false},"author":2,"featured_media":6894,"comment_status":"open","ping_status":"open","sticky":false,"template":"","format":"standard","meta":{"footnotes":""},"categories":[5,726],"tags":[3000,303,436,2999,2998],"class_list":["post-6891","post","type-post","status-publish","format-standard","has-post-thumbnail","hentry","category-nacionales","category-sociedad","tag-calamuchita","tag-cordoba","tag-detenido","tag-forestales","tag-incendios"],"_links":{"self":[{"href":"https:\/\/partediario.com.ar\/index.php?rest_route=\/wp\/v2\/posts\/6891","targetHints":{"allow":["GET"]}}],"collection":[{"href":"https:\/\/partediario.com.ar\/index.php?rest_route=\/wp\/v2\/posts"}],"about":[{"href":"https:\/\/partediario.com.ar\/index.php?rest_route=\/wp\/v2\/types\/post"}],"author":[{"embeddable":true,"href":"https:\/\/partediario.com.ar\/index.php?rest_route=\/wp\/v2\/users\/2"}],"replies":[{"embeddable":true,"href":"https:\/\/partediario.com.ar\/index.php?rest_route=%2Fwp%2Fv2%2Fcomments&post=6891"}],"version-history":[{"count":1,"href":"https:\/\/partediario.com.ar\/index.php?rest_route=\/wp\/v2\/posts\/6891\/revisions"}],"predecessor-version":[{"id":6895,"href":"https:\/\/partediario.com.ar\/index.php?rest_route=\/wp\/v2\/posts\/6891\/revisions\/6895"}],"wp:featuredmedia":[{"embeddable":true,"href":"https:\/\/partediario.com.ar\/index.php?rest_route=\/wp\/v2\/media\/6894"}],"wp:attachment":[{"href":"https:\/\/partediario.com.ar\/index.php?rest_route=%2Fwp%2Fv2%2Fmedia&parent=6891"}],"wp:term":[{"taxonomy":"category","embeddable":true,"href":"https:\/\/partediario.com.ar\/index.php?rest_route=%2Fwp%2Fv2%2Fcategories&post=6891"},{"taxonomy":"post_tag","embeddable":true,"href":"https:\/\/partediario.com.ar\/index.php?rest_route=%2Fwp%2Fv2%2Ftags&post=6891"}],"curies":[{"name":"wp","href":"https:\/\/api.w.org\/{rel}","templated":true}]}}