{"id":6923,"date":"2024-09-05T11:02:21","date_gmt":"2024-09-05T14:02:21","guid":{"rendered":"https:\/\/partediario.com.ar\/?p=6923"},"modified":"2024-09-05T11:02:22","modified_gmt":"2024-09-05T14:02:22","slug":"rescataron-con-vida-al-hombre-desaparecido-durante-la-avalancha-ocurrida-en-bariloche","status":"publish","type":"post","link":"https:\/\/partediario.com.ar\/?p=6923","title":{"rendered":"Rescataron con vida al hombre desaparecido durante la avalancha ocurrida en Bariloche"},"content":{"rendered":"\n<h3 class=\"wp-block-heading\">En la avalancha lamentablemente falleci\u00f3 una mujer de nacionalidad irlandesa y logr\u00f3 sobrevivir un hombre. Hab\u00eda sido emitido un alerta por riesgo de desprendimiento antes que comenzara su excursi\u00f3n.<\/h3>\n\n\n\n<p>Tras la fatal avalancha en el Cerro L\u00f3pez de Bariloche, que dej\u00f3 un muerto y un desaparecido, pudieron rescatar a este \u00faltimo con vida en la madrugada. En el hecho falleci\u00f3 una turista irlandesa, mientras que un hombre fue rescatado con heridas leve y un cuadro de hipotermia.<\/p>\n\n\n\n<p><\/p>\n\n\n\n<figure class=\"wp-block-image size-full\"><img loading=\"lazy\" decoding=\"async\" width=\"713\" height=\"390\" src=\"https:\/\/partediario.com.ar\/wp-content\/uploads\/rescate-bariloche.webp\" alt=\"\" class=\"wp-image-6924\" srcset=\"https:\/\/partediario.com.ar\/wp-content\/uploads\/rescate-bariloche.webp 713w, https:\/\/partediario.com.ar\/wp-content\/uploads\/rescate-bariloche-300x164.webp 300w\" sizes=\"auto, (max-width: 713px) 100vw, 713px\" \/><\/figure>\n\n\n\n<p><\/p>\n\n\n\n<p>El titular de auxilio del Club Andino de Bariloche, Mart\u00edn Raffo, comunic\u00f3 que, adem\u00e1s del mal tiempo que se espera para este jueves, la avalancha tiene un largo de m\u00e1s de 500 metros, lo que dificultaba el operativo. No obstante, durante la madrugada, logr\u00f3 rescatarse al desaparecido con vida.<\/p>\n\n\n\n<p>La avalancha ocurri\u00f3 este mi\u00e9rcoles cuando, alrededor de las 17.15, un grupo de gu\u00edas solicit\u00f3 la atenci\u00f3n inmediata en la cumbre del Cerro L\u00f3pez. \u201cEllos pudieron encontrar a dos de las tres personas. Una de ellas con un cuadro de lesiones leves y un cuadro de hipotermia y la otra persona, una femenina, que falleci\u00f3 en el accidente\u201d, precis\u00f3 Raffo a la prensa local.<\/p>\n\n\n\n<p>De esta manera comenz\u00f3 un operativo de rescate contrarreloj para encontrar al desaparecido, pero por la noche se suspendi\u00f3 la b\u00fasqueda, con el saldo de un levemente herido con hipotermia y una fallecida. La idea era reiniciarlo esta ma\u00f1ana, aunque se anticip\u00f3 por el pron\u00f3stico de mal tiempo que hab\u00eda para la zona, teniendo en cuenta el protocolo que se\u00f1ala hasta donde se pueden tomar riesgos.<\/p>\n\n\n\n<p>El hombre rescatado fue hallado con congelamiento y un cuadro de hipotermia, pero consciente, algo que subrayaron los rescatistas. Desde la ma\u00f1ana del mi\u00e9rcoles se hab\u00eda advertido sobre el peligro en el Cerro L\u00f3pez por una posible avalancha que pudiera producirse en la zona.<\/p>\n","protected":false},"excerpt":{"rendered":"<p>En la avalancha lamentablemente falleci&oacute; una mujer de nacionalidad irlandesa y logr&oacute; sobrevivir un hombre. Hab&iacute;a sido emitido un alerta por riesgo de desprendimiento antes que comenzara su excursi&oacute;n. Tras la fatal avalancha en el Cerro L&oacute;pez de Bariloche, que dej&oacute; un muerto y un desaparecido, pudieron rescatar a este &uacute;ltimo con vida en la [&hellip;]<\/p>\n","protected":false},"author":2,"featured_media":6925,"comment_status":"open","ping_status":"open","sticky":false,"template":"","format":"standard","meta":{"footnotes":""},"categories":[5,7],"tags":[3018,2253,3019,481,3017],"class_list":["post-6923","post","type-post","status-publish","format-standard","has-post-thumbnail","hentry","category-nacionales","category-policiales","tag-avalancha","tag-bariloche","tag-cerro-lopez","tag-hombre","tag-rescataron"],"_links":{"self":[{"href":"https:\/\/partediario.com.ar\/index.php?rest_route=\/wp\/v2\/posts\/6923","targetHints":{"allow":["GET"]}}],"collection":[{"href":"https:\/\/partediario.com.ar\/index.php?rest_route=\/wp\/v2\/posts"}],"about":[{"href":"https:\/\/partediario.com.ar\/index.php?rest_route=\/wp\/v2\/types\/post"}],"author":[{"embeddable":true,"href":"https:\/\/partediario.com.ar\/index.php?rest_route=\/wp\/v2\/users\/2"}],"replies":[{"embeddable":true,"href":"https:\/\/partediario.com.ar\/index.php?rest_route=%2Fwp%2Fv2%2Fcomments&post=6923"}],"version-history":[{"count":1,"href":"https:\/\/partediario.com.ar\/index.php?rest_route=\/wp\/v2\/posts\/6923\/revisions"}],"predecessor-version":[{"id":6926,"href":"https:\/\/partediario.com.ar\/index.php?rest_route=\/wp\/v2\/posts\/6923\/revisions\/6926"}],"wp:featuredmedia":[{"embeddable":true,"href":"https:\/\/partediario.com.ar\/index.php?rest_route=\/wp\/v2\/media\/6925"}],"wp:attachment":[{"href":"https:\/\/partediario.com.ar\/index.php?rest_route=%2Fwp%2Fv2%2Fmedia&parent=6923"}],"wp:term":[{"taxonomy":"category","embeddable":true,"href":"https:\/\/partediario.com.ar\/index.php?rest_route=%2Fwp%2Fv2%2Fcategories&post=6923"},{"taxonomy":"post_tag","embeddable":true,"href":"https:\/\/partediario.com.ar\/index.php?rest_route=%2Fwp%2Fv2%2Ftags&post=6923"}],"curies":[{"name":"wp","href":"https:\/\/api.w.org\/{rel}","templated":true}]}}