{"id":6974,"date":"2024-09-06T11:24:20","date_gmt":"2024-09-06T14:24:20","guid":{"rendered":"https:\/\/partediario.com.ar\/?p=6974"},"modified":"2024-09-06T11:24:21","modified_gmt":"2024-09-06T14:24:21","slug":"el-gobierno-nacional-cerrara-dos-sedes-del-inti-en-entre-rios","status":"publish","type":"post","link":"https:\/\/partediario.com.ar\/?p=6974","title":{"rendered":"El Gobierno Nacional cerrar\u00e1 dos sedes del Inti en Entre R\u00edos"},"content":{"rendered":"\n<h3 class=\"wp-block-heading\">El ajuste del presidente Javier Milei avanza por Entre R\u00edos y el gobierno nacional cerrar\u00e1 dos sedes del INTI de las cuatro que tiene en la provincia.<\/h3>\n\n\n\n<p>En Concepci\u00f3n del Uruguay, siete trabajadores ya no est\u00e1n, renunciaron o se retiraron \u201cvoluntariamente\u201d.<\/p>\n\n\n\n<p>De las cuatro sedes que tiene el INTI en Entre R\u00edos, Paran\u00e1, Concepci\u00f3n del Uruguay, Concordia y Gualeguaych\u00fa, cerrar\u00e1n las dos \u00faltimas. Los trabajadores del organismo industrial ya conocen la medida.<\/p>\n\n\n\n<p>Sara Claret es delegada de INTI Entre R\u00edos, explic\u00f3 la situaci\u00f3n de la sede uruguayense y dijo \u00abes un poco m\u00e1s complejo porque es un centro grande con edificio propio, y que tiene laboratorios, adem\u00e1s est\u00e1n creados por un Consejo donde hay varias c\u00e1maras en las fundaciones, legalmente no es tan f\u00e1cil tampoco\u00bb.<\/p>\n\n\n\n<p>\u00abEl INTI, m\u00e1s all\u00e1 de que es el Instituto Meteorol\u00f3gico Nacional y tiene varias funciones, pero pol\u00edticamente es el ejecutor de la pol\u00edtica industrial de la Naci\u00f3n, entonces que INTI desaparezca es que no haya industria, tambi\u00e9n hay que tener esa lectura, porque INTI permite la llegada de tecnolog\u00eda, de diferentes herramientas a las Pymes que funcionan en territorio, que sostienen las econom\u00edas regionales, las Unidades de Extensi\u00f3n trabajan m\u00e1s que nada con las pymes, con las cooperativas, con los municipios, es la llegada al territorio de la pol\u00edtica industrial, entonces claramente hay una intenci\u00f3n de desarticular la Industria, y una visi\u00f3n totalmente centralista\u00bb, apunt\u00f3 Claret.<\/p>\n\n\n\n<p>Finalmente aclar\u00f3 que \u00ablas Unidades de Extensi\u00f3n no generaban un gasto, porque en general ya venimos desde el gobierno de Milei, que desapareci\u00f3 la posibilidad de que las Unidades de Extensi\u00f3n paguen un alquiler, por ejemplo, los mismos trabajadores han buscado a trav\u00e9s de su trabajo y de sus v\u00ednculos locales los convenios para, por ejemplo, funcionar en un edificio municipal, para funcionar en conjunto con otros organismos, o a trav\u00e9s de convenios de contraprestaci\u00f3n de servicios, no es que generaban un gasto para el Estado sostener estas Unidades de Extensi\u00f3n, es m\u00e1s, no hay ninguna, generaban ingresos para INTI porque al tener la llegada tambi\u00e9n generaban \u00f3rdenes de trabajo e ingreso de dinero a la Instituci\u00f3n, o sea que tampoco se puede ver desde ah\u00ed, es una intenci\u00f3n pol\u00edtica de desmantelamiento y de no llegar o retirar, al Estado Nacional del territorio\u00bb.<\/p>\n","protected":false},"excerpt":{"rendered":"<p>El ajuste del presidente Javier Milei avanza por Entre R&iacute;os y el gobierno nacional cerrar&aacute; dos sedes del INTI de las cuatro que tiene en la provincia. En Concepci&oacute;n del Uruguay, siete trabajadores ya no est&aacute;n, renunciaron o se retiraron &ldquo;voluntariamente&rdquo;. De las cuatro sedes que tiene el INTI en Entre R&iacute;os, Paran&aacute;, Concepci&oacute;n del [&hellip;]<\/p>\n","protected":false},"author":2,"featured_media":6976,"comment_status":"open","ping_status":"open","sticky":false,"template":"","format":"standard","meta":{"footnotes":""},"categories":[176,8],"tags":[1379,257,3078,232,3079,3077],"class_list":["post-6974","post","type-post","status-publish","format-standard","has-post-thumbnail","hentry","category-politica","category-provinciales","tag-cierre","tag-entre-rios","tag-inti","tag-javier-milei","tag-sara-claret","tag-sedes"],"_links":{"self":[{"href":"https:\/\/partediario.com.ar\/index.php?rest_route=\/wp\/v2\/posts\/6974","targetHints":{"allow":["GET"]}}],"collection":[{"href":"https:\/\/partediario.com.ar\/index.php?rest_route=\/wp\/v2\/posts"}],"about":[{"href":"https:\/\/partediario.com.ar\/index.php?rest_route=\/wp\/v2\/types\/post"}],"author":[{"embeddable":true,"href":"https:\/\/partediario.com.ar\/index.php?rest_route=\/wp\/v2\/users\/2"}],"replies":[{"embeddable":true,"href":"https:\/\/partediario.com.ar\/index.php?rest_route=%2Fwp%2Fv2%2Fcomments&post=6974"}],"version-history":[{"count":1,"href":"https:\/\/partediario.com.ar\/index.php?rest_route=\/wp\/v2\/posts\/6974\/revisions"}],"predecessor-version":[{"id":6977,"href":"https:\/\/partediario.com.ar\/index.php?rest_route=\/wp\/v2\/posts\/6974\/revisions\/6977"}],"wp:featuredmedia":[{"embeddable":true,"href":"https:\/\/partediario.com.ar\/index.php?rest_route=\/wp\/v2\/media\/6976"}],"wp:attachment":[{"href":"https:\/\/partediario.com.ar\/index.php?rest_route=%2Fwp%2Fv2%2Fmedia&parent=6974"}],"wp:term":[{"taxonomy":"category","embeddable":true,"href":"https:\/\/partediario.com.ar\/index.php?rest_route=%2Fwp%2Fv2%2Fcategories&post=6974"},{"taxonomy":"post_tag","embeddable":true,"href":"https:\/\/partediario.com.ar\/index.php?rest_route=%2Fwp%2Fv2%2Ftags&post=6974"}],"curies":[{"name":"wp","href":"https:\/\/api.w.org\/{rel}","templated":true}]}}