{"id":6986,"date":"2024-09-06T12:39:28","date_gmt":"2024-09-06T15:39:28","guid":{"rendered":"https:\/\/partediario.com.ar\/?p=6986"},"modified":"2024-09-06T12:39:28","modified_gmt":"2024-09-06T15:39:28","slug":"medidas-de-fuerza-en-aerolineas-argentinas-cuanto-cobran-los-pilotos-y-demas-trabajadores","status":"publish","type":"post","link":"https:\/\/partediario.com.ar\/?p=6986","title":{"rendered":"Medidas de fuerza en Aerol\u00edneas Argentinas: cu\u00e1nto cobran los pilotos y demas trabajadores"},"content":{"rendered":"\n<h3 class=\"wp-block-heading\">M\u00e1s de 15 mil pasajeros fueron afectados por el paro de pilotos que reclaman un aumento salarial. Los sindicalistas Pablo Bir\u00f3 y Juan Pablo Brey encabezan el conflicto.<\/h3>\n\n\n\n<p>Los aeropuertos de Buenos Aires y Ezeiza se ven envueltos en el caos total, en medio de una medida de fuerza de pilotos que planea un \u00abplan de lucha\u00bb para todo septiembre, con interrupci\u00f3n total y parcial del servicios seg\u00fan el d\u00eda. La medida de fuerza est\u00e1 motivada por el atraso salarial, pero desde Aerol\u00edneas Argentinas apuntaron contra el gremio, indicando que este paro \u201cperjudica el futuro de la compa\u00f1\u00eda\u201d.<\/p>\n\n\n\n<p>El paro masivo de los pilotos afecta a m\u00e1s de 15 mil pasajeros que, por motivos familiares, profesionales o paseo, necesitan viajar por el pa\u00eds o al exterior. Mientras tanto, el reclamo que encabeza Pablo Bir\u00f3 y Juan Pablo Brey, tiene por objetivo reclamar un nuevo aumento para los pilotos que ya cobran un cuantioso salario.<\/p>\n\n\n\n<p>Debido al grado de preparaci\u00f3n que precisa y el riesgo al que puede enfrentarse cada piloto, el salario es alto, y suele estar entre los mejores remunerados. Desde el sector gremial, reclaman que en Aerol\u00edneas Argentinas se paga menos que en otras empresas, algo que, por m\u00e1s que sea real, no deja de ser un muy buen salario.<\/p>\n\n\n\n<p>Seg\u00fan se supo en mayo, en una presentaci\u00f3n de Nicol\u00e1s Posse ante el Congreso de la Naci\u00f3n, los salarios se encontraban en la siguiente suma:<\/p>\n\n\n\n<p>Asociaci\u00f3n Argentina de Aeronavegantes (AAA): seg\u00fan ese informe, los jefes de cabina ganan, en bruto, $3,2 millones, los 1er comisarios internacionales Nivel A $2,5 millones, mientras que los de vuelos regionales y de cabotaje $2,1 millones. Los auxiliares para vuelos regionales o nacionales son los que menos cobran, con un sueldo bruto casi $1.000.000.<\/p>\n\n\n\n<p>Asociaci\u00f3n Personal T\u00e9cnico Aeron\u00e1utico (APLA): los de la mayor categor\u00eda, PTA D, perciben en promedio unos $3,1 millones. Los coordinadores, por su parte, reciben mensualmente $2,7 millones y la categor\u00eda mayoritaria cobra $2,2 millones. Los Principiantes, la m\u00e1s baja, cuentan con una remuneraci\u00f3n de $1,3 millones.<\/p>\n\n\n\n<p>Cabe indicar que tanto Juan Pablo Brey (AAA) como Pablo Bir\u00f3 (APLA) son referentes gremiales enemistados con el Gobierno de la Naci\u00f3n y, principalmente el segundo, alineados al kirchnerismo. Uno de los focos del paro, encubiertos con la protesta salarial, ser\u00eda el conflicto que mantienen estos sindicatos con la nueva administraci\u00f3n de Aerol\u00edneas Argentinas y las pol\u00edticas orquestadas por la gesti\u00f3n de Javier Milei.<\/p>\n","protected":false},"excerpt":{"rendered":"<p>M&aacute;s de 15 mil pasajeros fueron afectados por el paro de pilotos que reclaman un aumento salarial. Los sindicalistas Pablo Bir&oacute; y Juan Pablo Brey encabezan el conflicto. Los aeropuertos de Buenos Aires y Ezeiza se ven envueltos en el caos total, en medio de una medida de fuerza de pilotos que planea un &laquo;plan [&hellip;]<\/p>\n","protected":false},"author":2,"featured_media":6987,"comment_status":"open","ping_status":"open","sticky":false,"template":"","format":"standard","meta":{"footnotes":""},"categories":[978,5],"tags":[962,232,2974,3083,691,3082],"class_list":["post-6986","post","type-post","status-publish","format-standard","has-post-thumbnail","hentry","category-gremiales","category-nacionales","tag-aerolineas-argentinas","tag-javier-milei","tag-juan-pablo-brey","tag-pablo-biro","tag-paro","tag-sueldo"],"_links":{"self":[{"href":"https:\/\/partediario.com.ar\/index.php?rest_route=\/wp\/v2\/posts\/6986","targetHints":{"allow":["GET"]}}],"collection":[{"href":"https:\/\/partediario.com.ar\/index.php?rest_route=\/wp\/v2\/posts"}],"about":[{"href":"https:\/\/partediario.com.ar\/index.php?rest_route=\/wp\/v2\/types\/post"}],"author":[{"embeddable":true,"href":"https:\/\/partediario.com.ar\/index.php?rest_route=\/wp\/v2\/users\/2"}],"replies":[{"embeddable":true,"href":"https:\/\/partediario.com.ar\/index.php?rest_route=%2Fwp%2Fv2%2Fcomments&post=6986"}],"version-history":[{"count":1,"href":"https:\/\/partediario.com.ar\/index.php?rest_route=\/wp\/v2\/posts\/6986\/revisions"}],"predecessor-version":[{"id":6988,"href":"https:\/\/partediario.com.ar\/index.php?rest_route=\/wp\/v2\/posts\/6986\/revisions\/6988"}],"wp:featuredmedia":[{"embeddable":true,"href":"https:\/\/partediario.com.ar\/index.php?rest_route=\/wp\/v2\/media\/6987"}],"wp:attachment":[{"href":"https:\/\/partediario.com.ar\/index.php?rest_route=%2Fwp%2Fv2%2Fmedia&parent=6986"}],"wp:term":[{"taxonomy":"category","embeddable":true,"href":"https:\/\/partediario.com.ar\/index.php?rest_route=%2Fwp%2Fv2%2Fcategories&post=6986"},{"taxonomy":"post_tag","embeddable":true,"href":"https:\/\/partediario.com.ar\/index.php?rest_route=%2Fwp%2Fv2%2Ftags&post=6986"}],"curies":[{"name":"wp","href":"https:\/\/api.w.org\/{rel}","templated":true}]}}