{"id":7002,"date":"2024-09-06T19:36:34","date_gmt":"2024-09-06T22:36:34","guid":{"rendered":"https:\/\/partediario.com.ar\/?p=7002"},"modified":"2024-09-06T19:36:35","modified_gmt":"2024-09-06T22:36:35","slug":"javier-milei-le-contesto-a-cristina-kirchner-que-lo-acuso-de-boludear-en-las-redes","status":"publish","type":"post","link":"https:\/\/partediario.com.ar\/?p=7002","title":{"rendered":"Javier Milei le contest\u00f3 a Cristina Kirchner, que lo acus\u00f3 de \u201cboludear en las redes\u201d"},"content":{"rendered":"\n<h3 class=\"wp-block-heading\">El mandatario le contest\u00f3 a la exmandataria y se desat\u00f3 un fuerte cruce en la red social X.<\/h3>\n\n\n\n<p>El presidente Javier Milei sali\u00f3 al cruce de la exmandataria Cristina Kirchner, despu\u00e9s que \u00e9sta publicara un documento criticando el rumbo econ\u00f3mico de la gesti\u00f3n libertaria.<\/p>\n\n\n\n<p>\u201cYo s\u00e9 que vos de econom\u00eda no entend\u00e9s mucho, demostrado por el hecho de que te rodeaste de analfabetos anum\u00e9ricos que destruyeron el pa\u00eds con su chamanismo econ\u00f3mico, pero si quer\u00e9s aprender un poco prend\u00e9 la tele hoy a las 19hs que voy a estar d\u00e1ndote una clase particular ad honorem\u201c, le retruc\u00f3 Milei.<\/p>\n\n\n\n<p>La expresidenta no se qued\u00f3 atr\u00e1s y le contest\u00f3: \u201cHablar de econom\u00eda diciendo cualquier cosa en los set de televisi\u00f3n o escribir plagiando libros, es una cosa. Gobernar la Argentina, es otra muy distinta. Y de esto, por c\u00f3mo est\u00e1n viviendo los argentinos, se ve a la legua que vos no ten\u00e9s ni idea. Cuando quieras -porque tiempo tenes\u2026 y lo dedicas a boludear en las redes- te espero en el Patria y te explico un poquito\u201d. Y concluy\u00f3: \u201cSaludos cordiales\u2026 A vos y a todas las \u2018fuerzas del cielo\u2019. Dios m\u00edo!\u201d.<\/p>\n\n\n\n<p>Por la noche, el Jefe de Estado participar\u00e1 de la 45\u00b0 Convenci\u00f3n del Instituto Argentino de Ejecutivos de Finanzas (IAEF), que se lleva a cabo en el hotel Sheraton de Mendoza. Lo har\u00e1 junto a una comitiva que incluye a la ministra de Seguridad, Patricia Bullrich, y a su par de Desregulaci\u00f3n y Transformaci\u00f3n del Estado, Federico Sturzenegger, entre otros.<\/p>\n","protected":false},"excerpt":{"rendered":"<p>El mandatario le contest&oacute; a la exmandataria y se desat&oacute; un fuerte cruce en la red social X. El presidente Javier Milei sali&oacute; al cruce de la exmandataria Cristina Kirchner, despu&eacute;s que &eacute;sta publicara un documento criticando el rumbo econ&oacute;mico de la gesti&oacute;n libertaria. &ldquo;Yo s&eacute; que vos de econom&iacute;a no entend&eacute;s mucho, demostrado por [&hellip;]<\/p>\n","protected":false},"author":2,"featured_media":7003,"comment_status":"open","ping_status":"open","sticky":false,"template":"","format":"standard","meta":{"footnotes":""},"categories":[5,176],"tags":[518,3092,232,3093,2347],"class_list":["post-7002","post","type-post","status-publish","format-standard","has-post-thumbnail","hentry","category-nacionales","category-politica","tag-cristina-kirchner","tag-cruce","tag-javier-milei","tag-redes","tag-sociales"],"_links":{"self":[{"href":"https:\/\/partediario.com.ar\/index.php?rest_route=\/wp\/v2\/posts\/7002","targetHints":{"allow":["GET"]}}],"collection":[{"href":"https:\/\/partediario.com.ar\/index.php?rest_route=\/wp\/v2\/posts"}],"about":[{"href":"https:\/\/partediario.com.ar\/index.php?rest_route=\/wp\/v2\/types\/post"}],"author":[{"embeddable":true,"href":"https:\/\/partediario.com.ar\/index.php?rest_route=\/wp\/v2\/users\/2"}],"replies":[{"embeddable":true,"href":"https:\/\/partediario.com.ar\/index.php?rest_route=%2Fwp%2Fv2%2Fcomments&post=7002"}],"version-history":[{"count":1,"href":"https:\/\/partediario.com.ar\/index.php?rest_route=\/wp\/v2\/posts\/7002\/revisions"}],"predecessor-version":[{"id":7004,"href":"https:\/\/partediario.com.ar\/index.php?rest_route=\/wp\/v2\/posts\/7002\/revisions\/7004"}],"wp:featuredmedia":[{"embeddable":true,"href":"https:\/\/partediario.com.ar\/index.php?rest_route=\/wp\/v2\/media\/7003"}],"wp:attachment":[{"href":"https:\/\/partediario.com.ar\/index.php?rest_route=%2Fwp%2Fv2%2Fmedia&parent=7002"}],"wp:term":[{"taxonomy":"category","embeddable":true,"href":"https:\/\/partediario.com.ar\/index.php?rest_route=%2Fwp%2Fv2%2Fcategories&post=7002"},{"taxonomy":"post_tag","embeddable":true,"href":"https:\/\/partediario.com.ar\/index.php?rest_route=%2Fwp%2Fv2%2Ftags&post=7002"}],"curies":[{"name":"wp","href":"https:\/\/api.w.org\/{rel}","templated":true}]}}