{"id":7005,"date":"2024-09-06T19:42:33","date_gmt":"2024-09-06T22:42:33","guid":{"rendered":"https:\/\/partediario.com.ar\/?p=7005"},"modified":"2024-09-06T19:42:34","modified_gmt":"2024-09-06T22:42:34","slug":"docentes-santafesinos-van-al-paro-la-semana-proxima","status":"publish","type":"post","link":"https:\/\/partediario.com.ar\/?p=7005","title":{"rendered":"Docentes santafesinos van al paro la semana pr\u00f3xima"},"content":{"rendered":"\n<h3 class=\"wp-block-heading\">\u201cEstamos muy preocupados porque ayer se le dio media sanci\u00f3n a un nuevo ajuste sobre los trabajadores y trabajadoras de la provincia\u201d, asegur\u00f3 Rodrigo Alonso, secretario general de Amsaf\u00e9, el gremio de los docentes p\u00fablicos de Santa Fe, al opinar sobre la aprobaci\u00f3n de la reforma previsional en el Senado.<\/h3>\n\n\n\n<p>La reforma del r\u00e9gimen jubilatorio es una iniciativa que impuls\u00f3 el gobernador Maximiliano Pullaro y que luego de un r\u00e1pido tr\u00e1mite obtuvo este jueves media sanci\u00f3n en la C\u00e1mara alta, el proyecto pasar\u00e1 a consideraci\u00f3n de la C\u00e1mara de Diputados, una instancia en la que se prev\u00e9 que el proyecto sea aprobado.<\/p>\n\n\n\n<p>Es por eso que el jueves pr\u00f3ximo, cuando los diputados traten el tema, Amsaf\u00e9 realizar\u00e1 otra medida de fuerza. Sadop, el gremio de los docentes de escuelas privadas, tambi\u00e9n har\u00e1 un paro para el jueves pr\u00f3ximo.<\/p>\n\n\n\n<p>En declaraciones al programa \u201cEl primero de la ma\u00f1ana\u201d de LT8, el titular de Amsaf\u00e9 provincial refresc\u00f3 las cr\u00edticas al proyecto de reforma de la Caja de Jubilaciones y Pensiones de la provincia y advirti\u00f3 que se avecinan d\u00edas de mucha conflictividad gremial. Con este nuevo sistema jubilatorio \u201cvamos a tener que aportar m\u00e1s recursos a la Caja, en el caso de los jubilados percibir\u00e1n los aumentos diferidos, 60 d\u00edas despu\u00e9s de que lo hagan los activos. Adem\u00e1s se modifica el r\u00e9gimen opcional docente, donde obliga a las mujeres a seguir trabajando unos a\u00f1os m\u00e1s\u201d, critic\u00f3.<\/p>\n\n\n\n<p>Alonso destac\u00f3 adem\u00e1s, que el nuevo r\u00e9gimen previsional \u201chace un c\u00e1lculo del haber jubilatorio que es preocupante, ser\u00e1 dif\u00edcil llegar al 82 por ciento m\u00f3vil. Muchos docentes, a pesar de estar en condiciones de jubilarse, no lo har\u00e1n. Suceder\u00e1 lo mismo que en la d\u00e9cada de los 90: los maestros y maestras seguir\u00e1n trabajando hasta los 65 \u00f3 70 a\u00f1os. La ley de jubilaciones un sistema solidario de reparto y es estatal, no es una AFJP. Es el estado el que tiene que garantizar un derecho, como es el de la jubilaci\u00f3n. Y es mentira lo del d\u00e9ficit de la Caja de Jubilaciones. Las p\u00e9rdidas tienen que ver con los recursos que Naci\u00f3n no envi\u00f3 a la provincia. Hay que reclamar all\u00ed\u201d, cerr\u00f3.<\/p>\n","protected":false},"excerpt":{"rendered":"<p>&ldquo;Estamos muy preocupados porque ayer se le dio media sanci&oacute;n a un nuevo ajuste sobre los trabajadores y trabajadoras de la provincia&rdquo;, asegur&oacute; Rodrigo Alonso, secretario general de Amsaf&eacute;, el gremio de los docentes p&uacute;blicos de Santa Fe, al opinar sobre la aprobaci&oacute;n de la reforma previsional en el Senado. La reforma del r&eacute;gimen jubilatorio [&hellip;]<\/p>\n","protected":false},"author":2,"featured_media":7006,"comment_status":"open","ping_status":"open","sticky":false,"template":"","format":"standard","meta":{"footnotes":""},"categories":[978,5],"tags":[3094,1817,691,1106],"class_list":["post-7005","post","type-post","status-publish","format-standard","has-post-thumbnail","hentry","category-gremiales","category-nacionales","tag-amsafe","tag-docentes","tag-paro","tag-santa-fe-2"],"_links":{"self":[{"href":"https:\/\/partediario.com.ar\/index.php?rest_route=\/wp\/v2\/posts\/7005","targetHints":{"allow":["GET"]}}],"collection":[{"href":"https:\/\/partediario.com.ar\/index.php?rest_route=\/wp\/v2\/posts"}],"about":[{"href":"https:\/\/partediario.com.ar\/index.php?rest_route=\/wp\/v2\/types\/post"}],"author":[{"embeddable":true,"href":"https:\/\/partediario.com.ar\/index.php?rest_route=\/wp\/v2\/users\/2"}],"replies":[{"embeddable":true,"href":"https:\/\/partediario.com.ar\/index.php?rest_route=%2Fwp%2Fv2%2Fcomments&post=7005"}],"version-history":[{"count":1,"href":"https:\/\/partediario.com.ar\/index.php?rest_route=\/wp\/v2\/posts\/7005\/revisions"}],"predecessor-version":[{"id":7007,"href":"https:\/\/partediario.com.ar\/index.php?rest_route=\/wp\/v2\/posts\/7005\/revisions\/7007"}],"wp:featuredmedia":[{"embeddable":true,"href":"https:\/\/partediario.com.ar\/index.php?rest_route=\/wp\/v2\/media\/7006"}],"wp:attachment":[{"href":"https:\/\/partediario.com.ar\/index.php?rest_route=%2Fwp%2Fv2%2Fmedia&parent=7005"}],"wp:term":[{"taxonomy":"category","embeddable":true,"href":"https:\/\/partediario.com.ar\/index.php?rest_route=%2Fwp%2Fv2%2Fcategories&post=7005"},{"taxonomy":"post_tag","embeddable":true,"href":"https:\/\/partediario.com.ar\/index.php?rest_route=%2Fwp%2Fv2%2Ftags&post=7005"}],"curies":[{"name":"wp","href":"https:\/\/api.w.org\/{rel}","templated":true}]}}