{"id":7019,"date":"2024-09-07T10:44:22","date_gmt":"2024-09-07T13:44:22","guid":{"rendered":"https:\/\/partediario.com.ar\/?p=7019"},"modified":"2024-09-07T10:44:23","modified_gmt":"2024-09-07T13:44:23","slug":"lograron-contener-el-incendio-en-la-calera-cordoba-y-se-aguarda-un-respiro-durante-el-fin-de-semana","status":"publish","type":"post","link":"https:\/\/partediario.com.ar\/?p=7019","title":{"rendered":"Lograron contener el incendio en La Calera, C\u00f3rdoba y se aguarda un respiro durante el fin de semana"},"content":{"rendered":"\n<h3 class=\"wp-block-heading\">Si bien se anuncian temperaturas elevadas este s\u00e1bado y domingo, se aguarda que el viento est\u00e9 en calma, lo que ayudar\u00eda a no reavivar las llamas en los frentes de fuego que lograron ser contenidos.<\/h3>\n\n\n\n<p>El gran incendio que afect\u00f3 la zona y amenaz\u00f3 al barrio cerrado La Cuesta, en la localidad de La Calera de la provincia de C\u00f3rdoba, fue finalmente contenido por bomberos al caer la noche del viernes, despu\u00e9s de generar una enorme preocupac\u00edon a los vecinos que se autoevacuaron ante el avance de las llamas.<\/p>\n\n\n\n<p>El fuerte viento y las alta temperaturas desataron el clima adverso con el que lucharon los brigadistas debido a que el fuego lleg\u00f3 a 50 metros de las viviendas y provoc\u00f3 momentos de p\u00e1nico entre los moradores, que rescataron a sus mascotas y huyeron del lugar r\u00e1pidamente. En la noche del viernes, estos vecinos fueron autorizados a regresar a pesar de que persist\u00eda el fuerte olor a humo por los pastizales quemados que arrasaron varias hect\u00e1reas.<\/p>\n\n\n\n<p>El incendio se hab\u00eda generado en los campos del Ej\u00e9rcito, donde est\u00e1 apostado el predio de Tiro Federal, con pastizales secos que fueron el combustible para que se propagaran las llamas en la zona de la ruta E-55, llegando muy cerca de las viviendas de los barrios cerrados en cercan\u00e1s del lugar.<\/p>\n\n\n\n<p>Los constantes cambios de direcci\u00f3n del viento complicaron la labor de los bomberos y la amenaza m\u00e1xima fue cuando el fuego atraves\u00f3 los per\u00edmetros de La Cuesta quedando a menos de cinco metros de las puertas de las viviendas, seg\u00fan se\u00f1alaron vecinos a los medios locales.<\/p>\n\n\n\n<p>Al llegar la noche las condiciones clim\u00e1ticas fueron propicias para lograr contener todos los focos de incendio y autorizar a los evacuados el regreso a sus hogares. No obstante, se anunci\u00f3 que los bomberos y las autoridades municipales mantendr\u00e1n guardias de cenizas durante todo el fin de semana.<\/p>\n\n\n\n<p>Si bien el pron\u00f3stico extendido adelanta que las temperaturas continuar\u00e1n altas en C\u00f3rdoba este s\u00e1bado y domingo, se subray\u00f3 que las r\u00e1fagas de viento ser\u00e1n menos intensas, lo que ayudar\u00eda a contener cualquier incendio que pudiese desatarse en la provincia.<\/p>\n\n\n\n<p>El \u00edndice de riesgo contin\u00faa siendo extremo y desde el Gobierno de C\u00f3rdoba solicitaron a la poblaci\u00f3n m\u00e1xima precauci\u00f3n para evitar el reinicio de las llamas.<\/p>\n\n\n\n<p>Durante la tarde de este s\u00e1bado, se pronostica que la temperatura supere los 26 grados, con viento soplando del sector este con intensidad moderada.<\/p>\n\n\n\n<p>El domingo, las t\u00e9rmicas seguir\u00e1n en aumento y la m\u00e1xima trepar\u00eda hasta los 27 grados, en una jornada con presencia de sol y viento moderado.<\/p>\n\n\n\n<p>El pron\u00f3stico indica que las probabilidades de lluvias son bajas, y que continuar\u00e1 el tiempo seco en la provincia de C\u00f3rdoba, por lo que el riesgo de incendios se mantendr\u00e1 elevado para \u00e1reas serranas y zonas de cercan\u00edas.<\/p>\n","protected":false},"excerpt":{"rendered":"<p>Si bien se anuncian temperaturas elevadas este s&aacute;bado y domingo, se aguarda que el viento est&eacute; en calma, lo que ayudar&iacute;a a no reavivar las llamas en los frentes de fuego que lograron ser contenidos. El gran incendio que afect&oacute; la zona y amenaz&oacute; al barrio cerrado La Cuesta, en la localidad de La Calera [&hellip;]<\/p>\n","protected":false},"author":2,"featured_media":7020,"comment_status":"open","ping_status":"open","sticky":false,"template":"","format":"standard","meta":{"footnotes":""},"categories":[5,726],"tags":[3101,303,456,3100],"class_list":["post-7019","post","type-post","status-publish","format-standard","has-post-thumbnail","hentry","category-nacionales","category-sociedad","tag-controlado","tag-cordoba","tag-incendio","tag-la-calera"],"_links":{"self":[{"href":"https:\/\/partediario.com.ar\/index.php?rest_route=\/wp\/v2\/posts\/7019","targetHints":{"allow":["GET"]}}],"collection":[{"href":"https:\/\/partediario.com.ar\/index.php?rest_route=\/wp\/v2\/posts"}],"about":[{"href":"https:\/\/partediario.com.ar\/index.php?rest_route=\/wp\/v2\/types\/post"}],"author":[{"embeddable":true,"href":"https:\/\/partediario.com.ar\/index.php?rest_route=\/wp\/v2\/users\/2"}],"replies":[{"embeddable":true,"href":"https:\/\/partediario.com.ar\/index.php?rest_route=%2Fwp%2Fv2%2Fcomments&post=7019"}],"version-history":[{"count":1,"href":"https:\/\/partediario.com.ar\/index.php?rest_route=\/wp\/v2\/posts\/7019\/revisions"}],"predecessor-version":[{"id":7021,"href":"https:\/\/partediario.com.ar\/index.php?rest_route=\/wp\/v2\/posts\/7019\/revisions\/7021"}],"wp:featuredmedia":[{"embeddable":true,"href":"https:\/\/partediario.com.ar\/index.php?rest_route=\/wp\/v2\/media\/7020"}],"wp:attachment":[{"href":"https:\/\/partediario.com.ar\/index.php?rest_route=%2Fwp%2Fv2%2Fmedia&parent=7019"}],"wp:term":[{"taxonomy":"category","embeddable":true,"href":"https:\/\/partediario.com.ar\/index.php?rest_route=%2Fwp%2Fv2%2Fcategories&post=7019"},{"taxonomy":"post_tag","embeddable":true,"href":"https:\/\/partediario.com.ar\/index.php?rest_route=%2Fwp%2Fv2%2Ftags&post=7019"}],"curies":[{"name":"wp","href":"https:\/\/api.w.org\/{rel}","templated":true}]}}