{"id":7025,"date":"2024-09-07T10:56:41","date_gmt":"2024-09-07T13:56:41","guid":{"rendered":"https:\/\/partediario.com.ar\/?p=7025"},"modified":"2024-09-07T10:56:46","modified_gmt":"2024-09-07T13:56:46","slug":"conforman-mesa-de-trabajo-para-la-aplicacion-de-la-ley-de-bomberos-voluntarios-en-entre-rios","status":"publish","type":"post","link":"https:\/\/partediario.com.ar\/?p=7025","title":{"rendered":"Conforman mesa de trabajo para la aplicaci\u00f3n de la Ley de Bomberos Voluntarios en Entre R\u00edos"},"content":{"rendered":"\n<h3 class=\"wp-block-heading\">La normativa fue aprobada el a\u00f1o pasado. La mesa se conform\u00f3 en un encuentro donde el gobernador Rogelio Frigerio y parte de su gabinete recibieron a representantes de la Federaci\u00f3n Entrerriana de Asociaciones de Bomberos Voluntarios (Feabv).<\/h3>\n\n\n\n<p>\u00abValoramos que el gobernador nos haya recibido. Nos ven\u00edamos reuniendo con el ministro de Gobierno y con gente de Defensa Civil. Es un hecho loable que el gobernador nos reciba con las \u00e1reas de econom\u00eda y la parte jur\u00eddica, para que podamos seguir avanzando. As\u00ed que valoramos que se realice una mesa para trabajar juntos\u00bb, subray\u00f3 el presidente de la Feabv, Pedro Bisogni, tras la reuni\u00f3n desarrollada este jueves en el Sal\u00f3n de Gobernadores de Casa de Gobierno.<\/p>\n\n\n\n<p>Los dos puntos fundamentales de la ley tienen que ver con la posibilidad de contar con una obra social y el retiro, para el reconocimiento de la labor de los Bomberos. El vicepresidente de la Feabv, Leandro Arribalzada, se\u00f1al\u00f3 que lo m\u00e1s importante \u00abes la mesa de trabajo que se conform\u00f3 hoy. La semana que viene ya se estar\u00eda reuniendo, porque la preocupaci\u00f3n son los incendios, los accidentes y, fundamentalmente, lo que se viene en la etapa de varano, que va a ser muy complejo. Esto no se puede hacer desde un solo lugar, necesita que est\u00e9 el Estado presente y las instituciones est\u00e9n trabajando\u00bb, remarc\u00f3.<\/p>\n\n\n\n<p>En el encuentro el mandatario estuvo acompa\u00f1ado por parte de su gabinete. Tambi\u00e9n particip\u00f3 por la Federaci\u00f3n de Bomberos Voluntarios Justo Jos\u00e9 Urquiza, C\u00e9sar Traverso, entre otros.<\/p>\n\n\n\n<p><\/p>\n\n\n\n<figure class=\"wp-block-embed is-type-video is-provider-youtube wp-block-embed-youtube wp-embed-aspect-16-9 wp-has-aspect-ratio\"><div class=\"wp-block-embed__wrapper\">\n<iframe loading=\"lazy\" title=\"Entre R\u00edos y Cisco firman una alianza para potenciar la transformaci\u00f3n digital en la provincia\" width=\"640\" height=\"360\" src=\"https:\/\/www.youtube.com\/embed\/1r736xiy7Mc?feature=oembed\" frameborder=\"0\" allow=\"accelerometer; autoplay; clipboard-write; encrypted-media; gyroscope; picture-in-picture; web-share\" referrerpolicy=\"strict-origin-when-cross-origin\" allowfullscreen><\/iframe>\n<\/div><\/figure>\n","protected":false},"excerpt":{"rendered":"<p>La normativa fue aprobada el a&ntilde;o pasado. La mesa se conform&oacute; en un encuentro donde el gobernador Rogelio Frigerio y parte de su gabinete recibieron a representantes de la Federaci&oacute;n Entrerriana de Asociaciones de Bomberos Voluntarios (Feabv). &laquo;Valoramos que el gobernador nos haya recibido. Nos ven&iacute;amos reuniendo con el ministro de Gobierno y con gente [&hellip;]<\/p>\n","protected":false},"author":2,"featured_media":7026,"comment_status":"open","ping_status":"open","sticky":false,"template":"","format":"standard","meta":{"footnotes":""},"categories":[176,8],"tags":[3103,257,3104,3106,1160,3105,245],"class_list":["post-7025","post","type-post","status-publish","format-standard","has-post-thumbnail","hentry","category-politica","category-provinciales","tag-bomberos-voluntarios","tag-entre-rios","tag-feabv","tag-leandro-arribalzada","tag-ley","tag-pedro-bisogni","tag-rogelio-frigerio"],"_links":{"self":[{"href":"https:\/\/partediario.com.ar\/index.php?rest_route=\/wp\/v2\/posts\/7025","targetHints":{"allow":["GET"]}}],"collection":[{"href":"https:\/\/partediario.com.ar\/index.php?rest_route=\/wp\/v2\/posts"}],"about":[{"href":"https:\/\/partediario.com.ar\/index.php?rest_route=\/wp\/v2\/types\/post"}],"author":[{"embeddable":true,"href":"https:\/\/partediario.com.ar\/index.php?rest_route=\/wp\/v2\/users\/2"}],"replies":[{"embeddable":true,"href":"https:\/\/partediario.com.ar\/index.php?rest_route=%2Fwp%2Fv2%2Fcomments&post=7025"}],"version-history":[{"count":1,"href":"https:\/\/partediario.com.ar\/index.php?rest_route=\/wp\/v2\/posts\/7025\/revisions"}],"predecessor-version":[{"id":7027,"href":"https:\/\/partediario.com.ar\/index.php?rest_route=\/wp\/v2\/posts\/7025\/revisions\/7027"}],"wp:featuredmedia":[{"embeddable":true,"href":"https:\/\/partediario.com.ar\/index.php?rest_route=\/wp\/v2\/media\/7026"}],"wp:attachment":[{"href":"https:\/\/partediario.com.ar\/index.php?rest_route=%2Fwp%2Fv2%2Fmedia&parent=7025"}],"wp:term":[{"taxonomy":"category","embeddable":true,"href":"https:\/\/partediario.com.ar\/index.php?rest_route=%2Fwp%2Fv2%2Fcategories&post=7025"},{"taxonomy":"post_tag","embeddable":true,"href":"https:\/\/partediario.com.ar\/index.php?rest_route=%2Fwp%2Fv2%2Ftags&post=7025"}],"curies":[{"name":"wp","href":"https:\/\/api.w.org\/{rel}","templated":true}]}}