{"id":7032,"date":"2024-09-07T16:20:42","date_gmt":"2024-09-07T19:20:42","guid":{"rendered":"https:\/\/partediario.com.ar\/?p=7032"},"modified":"2024-09-07T16:20:59","modified_gmt":"2024-09-07T19:20:59","slug":"caracas-cierran-los-accesos-a-la-embajada-argentina-en-venezuela","status":"publish","type":"post","link":"https:\/\/partediario.com.ar\/?p=7032","title":{"rendered":"Caracas: cierran los accesos a la embajada argentina en Venezuela"},"content":{"rendered":"\n<h3 class=\"wp-block-heading\">Uno de los opositores asilados en la embajada argentina en Caracas -bajo el control de Brasil hace poco m\u00e1s de un mes- denunci\u00f3 este viernes por la noche la presencia de agentes del r\u00e9gimen chavista de Nicol\u00e1s Maduro en la puerta de la residencia.<\/h3>\n\n\n\n<p>Se trata de Pedro Urruchurtu, coordinador internacional de Vente Venezuela (VV) y parte del equipo de Mar\u00eda Corina Machado, la principal opositora en Venezuela, quien advirti\u00f3 al respecto en sus redes sociales.<\/p>\n\n\n\n<p><\/p>\n\n\n\n<blockquote class=\"twitter-tweet\"><p lang=\"es\" dir=\"ltr\"><a href=\"https:\/\/twitter.com\/hashtag\/AHORA?src=hash&amp;ref_src=twsrc%5Etfw\">#AHORA<\/a> | 07:35AM<br><br>As\u00ed amanece la sede de la embajada de Argentina en Caracas, rodeada por agentes del r\u00e9gimen, encapuchados y armados, quienes -adem\u00e1s- impiden acceso a periodistas aunque la calle no est\u00e1 cerrada. <a href=\"https:\/\/twitter.com\/hashtag\/HacerPoliticaNoEsDelito?src=hash&amp;ref_src=twsrc%5Etfw\">#HacerPoliticaNoEsDelito<\/a> <a href=\"https:\/\/t.co\/VDf42C8foZ\">pic.twitter.com\/VDf42C8foZ<\/a><\/p>&mdash; Comando ConVzla (@ConVzlaComando) <a href=\"https:\/\/twitter.com\/ConVzlaComando\/status\/1832383307243205048?ref_src=twsrc%5Etfw\">September 7, 2024<\/a><\/blockquote> <script async src=\"https:\/\/platform.twitter.com\/widgets.js\" charset=\"utf-8\"><\/script>\n\n\n\n<p>\u201cPatrullas del Sebin (Servicio Bolivariano de Inteligencia Nacional) y del DAET (Cuerpo de Polic\u00eda Nacional Bolivariana), junto a funcionarios encapuchados y armados, rodean y asedian la Residencia de Argentina en Caracas, bajo custodia y protecci\u00f3n del gobierno de Brasil. 6 de septiembre a las 20:30 [hora local]\u201d, seg\u00f1un precis\u00f3.<\/p>\n\n\n\n<p>Por la ma\u00f1ana de este s\u00e1bado otra de las personas all\u00ed refugiadas, Magalli Meda, jefa de campa\u00f1a de Machada antes de que su postulaci\u00f3n en los comicios fuera cancelada por el chavismo, subi\u00f3 en sus redes sociales una actualizaci\u00f3n de la situaci\u00f3n, y se\u00f1al\u00f3 que contin\u00faa cortado el suministro el\u00e9ctrico y que los accesos a la sede est\u00e1n restringidos.<\/p>\n\n\n\n<p>En total son seis los opositores refugiados en la embajada: Urruchurtu; Magalli Meda, jefa de campa\u00f1a y mujer de total confianza de la l\u00edder opositora; el exdiputado Omar Gonz\u00e1lez; el experto electoral Humberto Villalobos, uno de los m\u00e1s prestigiosos del pa\u00eds; y Claudia Macero, como vocera del partido. La sexta persona opt\u00f3 mantener su identidad en el anonimato por seguridad. Todos arribaron despu\u00e9s que desde la Fiscal\u00eda los acusaran de conspiraci\u00f3n y traici\u00f3n a la patria, en medio de la campa\u00f1a electoral para las elecciones de julio de este a\u00f1o, que fueron rechazadas por la oposici\u00f3n y gran parte de la comunidad internacional por fraudulentas a la par que confirmadas por el chavismo como una nueva victoria de Maduro.<\/p>\n\n\n\n<p>Minutos m\u00e1s tarde, Urruchurtu muestra que los polic\u00edas continuaban en la embajada. \u201cAs\u00ed est\u00e1n las afueras de la residencia argentina en Caracas, protegida por Brasil. Han llegado m\u00e1s patrullas y funcionarios del SEBIN y DAET encapuchados y armados que est\u00e1n asediando la sede diplom\u00e1tica, protegida por normas del derecho internacional. 6 de septiembre a las 22:20\u2033, poste\u00f3 en las redes sociales.<\/p>\n\n\n\n<p>Por otra parte, Omar Gonz\u00e1lez inform\u00f3 a trav\u00e9s de su cuenta de X: \u201cAgentes de los cuerpos de seguridad del Estado rodean en este momento la sede de la embajada argentina en Caracas (ahora bajo la bandera de Brasil) donde se encuentran asilados 6 miembros del equipo de campa\u00f1a de Edmundo Gonz\u00e1lez y Mar\u00eda Corina Machado\u201d.<\/p>\n\n\n\n<p>Y adjunt\u00f3 videos sobre la situaci\u00f3n y expres\u00f3: \u201cLe cortaron el servicio el\u00e9ctrico a la Embajada de la Argentina en Caracas, que en estos momentos est\u00e1 asediada por agentes del Sebin y dem\u00e1s cuerpos de seguridad del Estado\u201d.<\/p>\n\n\n\n<p>M\u00e1s tarde actualiz\u00f3 la informaci\u00f3n y afirm\u00f3 que los agentes segu\u00edan en la puerta del edificio. \u201cContin\u00faa el asedio a la Embajada Argentina-Brasil en Caracas por parte del r\u00e9gimen de Maduro. A medida que pasan las horas se incorporan m\u00e1s y m\u00e1s patrullas y efectivos policiales en actitud amenazante contra los seis dirigentes de oposici\u00f3n asilados en esa sede diplom\u00e1tica\u201d.<\/p>\n\n\n\n<p>Horas antes, la Canciller\u00eda argentina hab\u00eda emitido un comunicado en el que solicit\u00f3 a la Corte Penal Internacional una \u201corden de detenci\u00f3n contra Maduro y otros cabecillas del r\u00e9gimen de Venezuela\u201d.<\/p>\n\n\n\n<p>\u201cAnte el agravamiento de la situaci\u00f3n en la Rep\u00fablica Bolivariana de Venezuela a partir del 28 de julio pasado y la comisi\u00f3n de nuevos hechos que pueden ser considerados delitos de lesa humanidad, la Rep\u00fablica Argentina exhorta al Fiscal de la Corte Penal Internacional que solicite a la Sala de Cuestiones Preliminares el dictado de \u00f3rdenes de detenci\u00f3n contra Nicol\u00e1s Maduro y otros cabecillas del r\u00e9gimen\u201d, expres\u00f3 el organismo cuya titular es Diana Mondino.<\/p>\n\n\n\n<p>Y agreg\u00f3: \u201cComo se se\u00f1ala en la nota del Gobierno argentino que ser\u00e1 presentada a la Fiscal\u00eda el lunes pr\u00f3ximo, la evidencia recogida en el curso de las investigaciones que lleva adelante la Fiscal\u00eda de la Corte Penal Internacional y los hechos ocurridos con posterioridad a los comicios presidenciales del 28 de julio son elementos suficientes para considerar el m\u00e9rito del dictado de las mencionadas \u00f3rdenes de detenci\u00f3n\u201d.<\/p>\n\n\n\n<p>\u201cSe recuerda que el pasado 19 de julio la Rep\u00fablica Argentina se reincorpor\u00f3 a la remisi\u00f3n sobre la situaci\u00f3n en la Rep\u00fablica Bolivariana efectuada en 2018, de la que se hab\u00eda retirado en 2021\u201d, concluy\u00f3.<\/p>\n\n\n\n<p>El 31 de agosto el grupo qued\u00f3 a resguardo de Brasil, luego que el personal diplom\u00e1tico argentino fuera forzado a abandonar el pa\u00eds luego de que el gobierno argentino desconociera el resultado electoral del 28 de julio, que proclam\u00f3 al chavista ganador en lugar del candidato opositor Edmundo Gonz\u00e1lez Urrutia, quien asegura con actas haber triunfado con el 70% de los votos.<\/p>\n\n\n\n<p>Maduro no habilit\u00f3 un salvoconducto para que los asilados salgan del pa\u00eds con el personal diplom\u00e1tico el mes pasado, por lo que todav\u00eda permanecen all\u00ed y denunciaron en varias oportunidades la presencia de la Polic\u00eda oficialista.<\/p>\n","protected":false},"excerpt":{"rendered":"<p>Uno de los opositores asilados en la embajada argentina en Caracas -bajo el control de Brasil hace poco m&aacute;s de un mes- denunci&oacute; este viernes por la noche la presencia de agentes del r&eacute;gimen chavista de Nicol&aacute;s Maduro en la puerta de la residencia. Se trata de Pedro Urruchurtu, coordinador internacional de Vente Venezuela (VV) [&hellip;]<\/p>\n","protected":false},"author":2,"featured_media":7033,"comment_status":"open","ping_status":"open","sticky":false,"template":"","format":"standard","meta":{"footnotes":""},"categories":[9],"tags":[3113,411,2042,3112,3114,1339],"class_list":["post-7032","post","type-post","status-publish","format-standard","has-post-thumbnail","hentry","category-internacionales","tag-acceso","tag-argentina","tag-caracas","tag-cierran","tag-embajada","tag-venezuela"],"_links":{"self":[{"href":"https:\/\/partediario.com.ar\/index.php?rest_route=\/wp\/v2\/posts\/7032","targetHints":{"allow":["GET"]}}],"collection":[{"href":"https:\/\/partediario.com.ar\/index.php?rest_route=\/wp\/v2\/posts"}],"about":[{"href":"https:\/\/partediario.com.ar\/index.php?rest_route=\/wp\/v2\/types\/post"}],"author":[{"embeddable":true,"href":"https:\/\/partediario.com.ar\/index.php?rest_route=\/wp\/v2\/users\/2"}],"replies":[{"embeddable":true,"href":"https:\/\/partediario.com.ar\/index.php?rest_route=%2Fwp%2Fv2%2Fcomments&post=7032"}],"version-history":[{"count":1,"href":"https:\/\/partediario.com.ar\/index.php?rest_route=\/wp\/v2\/posts\/7032\/revisions"}],"predecessor-version":[{"id":7034,"href":"https:\/\/partediario.com.ar\/index.php?rest_route=\/wp\/v2\/posts\/7032\/revisions\/7034"}],"wp:featuredmedia":[{"embeddable":true,"href":"https:\/\/partediario.com.ar\/index.php?rest_route=\/wp\/v2\/media\/7033"}],"wp:attachment":[{"href":"https:\/\/partediario.com.ar\/index.php?rest_route=%2Fwp%2Fv2%2Fmedia&parent=7032"}],"wp:term":[{"taxonomy":"category","embeddable":true,"href":"https:\/\/partediario.com.ar\/index.php?rest_route=%2Fwp%2Fv2%2Fcategories&post=7032"},{"taxonomy":"post_tag","embeddable":true,"href":"https:\/\/partediario.com.ar\/index.php?rest_route=%2Fwp%2Fv2%2Ftags&post=7032"}],"curies":[{"name":"wp","href":"https:\/\/api.w.org\/{rel}","templated":true}]}}