{"id":7052,"date":"2024-09-09T09:34:48","date_gmt":"2024-09-09T12:34:48","guid":{"rendered":"https:\/\/partediario.com.ar\/?p=7052"},"modified":"2024-09-09T09:34:49","modified_gmt":"2024-09-09T12:34:49","slug":"tierra-del-fuego-la-provincia-con-mayor-cantidad-de-asesores-por-legislador","status":"publish","type":"post","link":"https:\/\/partediario.com.ar\/?p=7052","title":{"rendered":"Tierra del Fuego la provincia con mayor cantidad de asesores por legislador"},"content":{"rendered":"\n<h3 class=\"wp-block-heading\">La planta de asesores de la provincia supera ampliamente el 90% de su capacidad autorizada por ley.<\/h3>\n\n\n\n<p>Un nuevo esc\u00e1ndalo se desata en la pol\u00edtica nacional, esta vez se trata de la impactante cantidad de asesores en las legislaturas provinciales. Tierra del Fuego encabeza la lista con una planta de asesores que supera ampliamente el 90% de su capacidad autorizada, de acuerdo a los datos oficiales publicados el pasado 18 de junio.<\/p>\n\n\n\n<p>Seg\u00fan una investigaci\u00f3n del portal local La Licuadora TDF, Tierra del Fuego es la provincia con mayor cantidad de asesores por legislador. Puntualmente, con 455 asesores para apenas 15 legisladores, la Provincia 23 presenta una proporci\u00f3n de asesores por legislador que cuadruplica la media nacional. Esta situaci\u00f3n se agrava al considerar que la legislatura fueguina celebra apenas tres sesiones anuales, lo que genera muchas dudas sobre la real necesidad de tal cantidad de personal.<\/p>\n\n\n\n<p>El caso de la Legislatura de Tierra del Fuego no es aislado. A nivel nacional, el bloque republicano en el Senado es se\u00f1alado por contar con 88 asesores para solo 6 senadores. El vicepresidente provisional del Senado, en una reciente entrevista, reconoci\u00f3 que 13 de sus 15 asesores se dedican a tareas de campa\u00f1a pol\u00edtica en su provincia.<\/p>\n\n\n\n<p>Esta situaci\u00f3n reaviva el debate sobre la denominada \u00abcasta pol\u00edtica\u00bb, motor principal de la campa\u00f1a de Javier Milei, y genera cr\u00edticas por parte de sectores que demandan una mayor austeridad y eficiencia en el gasto p\u00fablico.<\/p>\n\n\n\n<p><strong>Los  asesores legislador por legislador<\/strong><\/p>\n\n\n\n<p>El legislador con mayor cantidad de asesores es Dami\u00e1n Loffler del MPF, con 69 personas a cargo.<\/p>\n\n\n\n<p>Le siguen Juan Carlos Pino, con 59<\/p>\n\n\n\n<p>Federico Greve 53<\/p>\n\n\n\n<p>Victoria Vuoto 34<\/p>\n\n\n\n<p>Miriam Martinez 28<\/p>\n\n\n\n<p>Pablo Villegas 22<\/p>\n\n\n\n<p>Jorge Lechman 21<\/p>\n\n\n\n<p>Mat\u00edas Lapadula 18<\/p>\n\n\n\n<p>Agustin Coto 10<\/p>\n\n\n\n<p>Laura Colazo 10<\/p>\n\n\n\n<p>Dos Santos 8<\/p>\n\n\n\n<p>Federico Sciurano 8<\/p>\n\n\n\n<p>Garc\u00eda 5<\/p>\n\n\n\n<p>Von Der Thusen 3<\/p>\n\n\n\n<p>Flores 0<\/p>\n\n\n\n<p>Subtotal de asesores y colaboradores 348<\/p>\n\n\n\n<p>Urquiza, Presidente Poder Legislativo 7 asesores\/colaboradores.<\/p>\n\n\n\n<p>Total de asesores y colaboradores 355.<\/p>\n\n\n\n<p>Asesores por bloque PJ 98<\/p>\n\n\n\n<p>MPF 91<\/p>\n\n\n\n<p>FORJA 89<\/p>\n\n\n\n<p>SOMOS FUEGUINOS 32<\/p>\n\n\n\n<p>Partido Verde 28<\/p>\n\n\n\n<p>Republicanos Unidos 10<\/p>\n\n\n\n<p>Total asesores colaboradores 348.<\/p>\n","protected":false},"excerpt":{"rendered":"<p>La planta de asesores de la provincia supera ampliamente el 90% de su capacidad autorizada por ley. Un nuevo esc&aacute;ndalo se desata en la pol&iacute;tica nacional, esta vez se trata de la impactante cantidad de asesores en las legislaturas provinciales. Tierra del Fuego encabeza la lista con una planta de asesores que supera ampliamente el [&hellip;]<\/p>\n","protected":false},"author":2,"featured_media":7053,"comment_status":"open","ping_status":"open","sticky":false,"template":"","format":"standard","meta":{"footnotes":""},"categories":[5,176],"tags":[1568,390,3121],"class_list":["post-7052","post","type-post","status-publish","format-standard","has-post-thumbnail","hentry","category-nacionales","category-politica","tag-asesores","tag-legislatura","tag-tierra-del-fuego"],"_links":{"self":[{"href":"https:\/\/partediario.com.ar\/index.php?rest_route=\/wp\/v2\/posts\/7052","targetHints":{"allow":["GET"]}}],"collection":[{"href":"https:\/\/partediario.com.ar\/index.php?rest_route=\/wp\/v2\/posts"}],"about":[{"href":"https:\/\/partediario.com.ar\/index.php?rest_route=\/wp\/v2\/types\/post"}],"author":[{"embeddable":true,"href":"https:\/\/partediario.com.ar\/index.php?rest_route=\/wp\/v2\/users\/2"}],"replies":[{"embeddable":true,"href":"https:\/\/partediario.com.ar\/index.php?rest_route=%2Fwp%2Fv2%2Fcomments&post=7052"}],"version-history":[{"count":1,"href":"https:\/\/partediario.com.ar\/index.php?rest_route=\/wp\/v2\/posts\/7052\/revisions"}],"predecessor-version":[{"id":7054,"href":"https:\/\/partediario.com.ar\/index.php?rest_route=\/wp\/v2\/posts\/7052\/revisions\/7054"}],"wp:featuredmedia":[{"embeddable":true,"href":"https:\/\/partediario.com.ar\/index.php?rest_route=\/wp\/v2\/media\/7053"}],"wp:attachment":[{"href":"https:\/\/partediario.com.ar\/index.php?rest_route=%2Fwp%2Fv2%2Fmedia&parent=7052"}],"wp:term":[{"taxonomy":"category","embeddable":true,"href":"https:\/\/partediario.com.ar\/index.php?rest_route=%2Fwp%2Fv2%2Fcategories&post=7052"},{"taxonomy":"post_tag","embeddable":true,"href":"https:\/\/partediario.com.ar\/index.php?rest_route=%2Fwp%2Fv2%2Ftags&post=7052"}],"curies":[{"name":"wp","href":"https:\/\/api.w.org\/{rel}","templated":true}]}}