{"id":7055,"date":"2024-09-09T09:36:34","date_gmt":"2024-09-09T12:36:34","guid":{"rendered":"https:\/\/partediario.com.ar\/?p=7055"},"modified":"2024-09-09T09:36:39","modified_gmt":"2024-09-09T12:36:39","slug":"fuerte-aumento-en-el-estacionamiento-medido-porteno-la-hora-subio-casi-120","status":"publish","type":"post","link":"https:\/\/partediario.com.ar\/?p=7055","title":{"rendered":"Fuerte aumento en el estacionamiento medido porte\u00f1o: la hora subi\u00f3 casi 120 %"},"content":{"rendered":"\n<h3 class=\"wp-block-heading\">El estacionamiento medido en la Ciudad de Buenos Aires protagoniz\u00f3 un fuerte incremento a partir de este lunes, ya que el costo por hora subi\u00f3 119% y alcanza a $387.<\/h3>\n\n\n\n<p>Por su parte, en las zonas con tarifa progresiva, como Puerto Madero, el valor se increment\u00f3 hasta los $850,23 por la cuarta hora.<\/p>\n\n\n\n<p>El Gobierno porte\u00f1o anunci\u00f3 que en diciembre la tarifa volver\u00e1 a subir.<\/p>\n\n\n\n<p>La tarifa horaria pas\u00f3 de los $176 actuales a $387, y en diciembre llegar\u00e1 a $700.<\/p>\n\n\n\n<p>En el caso de las zonas con tarifa progresiva, la primera hora costar\u00e1 $387, pero a partir de la segunda se aplicar\u00e1 un incremento del 30%.<\/p>\n\n\n\n<p>Esto elevar\u00e1 el costo a $503,10 para la segunda hora, $654,03 para la tercera y $850,23 para la cuarta hora y siguientes.<\/p>\n\n\n\n<p>El segundo aumento, programado para el 1\u00b0 de diciembre, llevar\u00e1 la tarifa horaria a $700.<\/p>\n\n\n\n<p>En las zonas con tarifa progresiva, la segunda hora costar\u00e1 $910, la tercera $1.183, y la cuarta en adelante $1.537,90.<\/p>\n\n\n\n<p>La decisi\u00f3n fue adoptada despu\u00e9s de una audiencia p\u00fablica realizada de forma virtual el 15 de julio.<\/p>\n\n\n\n<p>En cuanto a la tarifa progresiva, el Gobierno porte\u00f1o manifest\u00f3 que \u00abfacilita la rotaci\u00f3n vehicular, es decir, que haya m\u00e1s disponibilidad de espacios en las zonas comerciales y de mayor demanda resultando este mecanismo m\u00e1s conveniente para la Ciudad, incentivando a que los estacionamientos prolongados se vuelquen al espacio privado y las detenciones m\u00e1s acotadas se realicen en la v\u00eda p\u00fablica\u201d.<\/p>\n\n\n\n<p>En total, la Ciudad cuenta con 8.152 espacios de estacionamiento tarifado, incluyendo 3.695 nuevos lugares en Puerto Madero, donde hasta ahora no se cobraba por estacionar.<\/p>\n\n\n\n<p>Este barrio, que hab\u00eda funcionado como un estacionamiento a cielo abierto para miles de automovilistas, ahora se suma a otras \u00e1reas como San Telmo, Monserrat, Balvanera, San Nicol\u00e1s, Retiro y Recoleta, que ya contaban con este sistema.<\/p>\n\n\n\n<p>El decreto que establece el aumento justifica la medida se\u00f1alando un \u201catraso en las tarifas\u201d en comparaci\u00f3n con otras opciones de estacionamiento en el centro de la Ciudad, donde el costo por hora puede superar los $2.500.<\/p>\n\n\n\n<p>El aumento total ser\u00e1 del 297,7% en comparaci\u00f3n con la tarifa actual, con un primer ajuste este mi\u00e9rcoles de 119%, y el segundo en diciembre, que le aportar\u00e1 otro 80 por ciento.<\/p>\n\n\n\n<p>Qu\u00e9 aplicaci\u00f3n utilizar para el pago<\/p>\n\n\n\n<p>El pago continuar\u00e1 realiz\u00e1ndose a trav\u00e9s de la app Blinkay, introducida en 2022 tras la eliminaci\u00f3n de las m\u00e1quinas tickeadoras.<\/p>\n\n\n\n<p>El sistema permite el pre-pago o post-pago, con opciones de abono mediante billeteras virtuales, tarjetas de cr\u00e9dito o d\u00e9bito.<\/p>\n\n\n\n<p>El estacionamiento medido opera de lunes a viernes de 8 a 20 y los s\u00e1bados de 8 a 13.<\/p>\n\n\n\n<p>Si bien la ley permite extenderlo a otros barrios con centros comerciales concurridos, por ahora no hay planes para efectivizarlo.<\/p>\n\n\n\n<p>Adem\u00e1s, otra normativa establece que las gr\u00faas de acarreo no pueden remover veh\u00edculos que hayan excedido el tiempo de estacionamiento medido o no hayan pagado, salvo en casos de obstrucci\u00f3n de rampas, \u00e1reas de carga y descarga, o cuando entorpezcan el tr\u00e1nsito.<\/p>\n\n\n\n<p>El plan de la gesti\u00f3n anterior de llevar las gr\u00faas a m\u00e1s barrios y dividir la Ciudad en tres grandes zonas fue dado de baja por el actual jefe de Gobierno, Jorge Macri, quien suspendi\u00f3 el proceso de licitaci\u00f3n que hab\u00eda sido preadjudicado en diciembre del a\u00f1o pasado.<\/p>\n\n\n\n<p>Por el momento, el sistema de gr\u00faas sigue operado por el Gobierno porte\u00f1o desde que, en 2022, la Ciudad concluy\u00f3 la concesi\u00f3n de las dos empresas que operaban con v\u00ednculos vencidos desde hac\u00eda m\u00e1s de 20 a\u00f1os.<\/p>\n","protected":false},"excerpt":{"rendered":"<p>El estacionamiento medido en la Ciudad de Buenos Aires protagoniz&oacute; un fuerte incremento a partir de este lunes, ya que el costo por hora subi&oacute; 119% y alcanza a $387. Por su parte, en las zonas con tarifa progresiva, como Puerto Madero, el valor se increment&oacute; hasta los $850,23 por la cuarta hora. El Gobierno [&hellip;]<\/p>\n","protected":false},"author":2,"featured_media":7056,"comment_status":"open","ping_status":"open","sticky":false,"template":"","format":"standard","meta":{"footnotes":""},"categories":[5,726],"tags":[622,388,3123,1114,3124],"class_list":["post-7055","post","type-post","status-publish","format-standard","has-post-thumbnail","hentry","category-nacionales","category-sociedad","tag-aumento","tag-caba","tag-estacionamiento","tag-jorge-macri","tag-medido"],"_links":{"self":[{"href":"https:\/\/partediario.com.ar\/index.php?rest_route=\/wp\/v2\/posts\/7055","targetHints":{"allow":["GET"]}}],"collection":[{"href":"https:\/\/partediario.com.ar\/index.php?rest_route=\/wp\/v2\/posts"}],"about":[{"href":"https:\/\/partediario.com.ar\/index.php?rest_route=\/wp\/v2\/types\/post"}],"author":[{"embeddable":true,"href":"https:\/\/partediario.com.ar\/index.php?rest_route=\/wp\/v2\/users\/2"}],"replies":[{"embeddable":true,"href":"https:\/\/partediario.com.ar\/index.php?rest_route=%2Fwp%2Fv2%2Fcomments&post=7055"}],"version-history":[{"count":1,"href":"https:\/\/partediario.com.ar\/index.php?rest_route=\/wp\/v2\/posts\/7055\/revisions"}],"predecessor-version":[{"id":7057,"href":"https:\/\/partediario.com.ar\/index.php?rest_route=\/wp\/v2\/posts\/7055\/revisions\/7057"}],"wp:featuredmedia":[{"embeddable":true,"href":"https:\/\/partediario.com.ar\/index.php?rest_route=\/wp\/v2\/media\/7056"}],"wp:attachment":[{"href":"https:\/\/partediario.com.ar\/index.php?rest_route=%2Fwp%2Fv2%2Fmedia&parent=7055"}],"wp:term":[{"taxonomy":"category","embeddable":true,"href":"https:\/\/partediario.com.ar\/index.php?rest_route=%2Fwp%2Fv2%2Fcategories&post=7055"},{"taxonomy":"post_tag","embeddable":true,"href":"https:\/\/partediario.com.ar\/index.php?rest_route=%2Fwp%2Fv2%2Ftags&post=7055"}],"curies":[{"name":"wp","href":"https:\/\/api.w.org\/{rel}","templated":true}]}}