{"id":7062,"date":"2024-09-09T09:47:49","date_gmt":"2024-09-09T12:47:49","guid":{"rendered":"https:\/\/partediario.com.ar\/?p=7062"},"modified":"2024-09-09T09:47:50","modified_gmt":"2024-09-09T12:47:50","slug":"el-papa-ya-se-encuentra-a-timor-oriental-el-amor-es-mas-fuerte-que-todo-y-puede-sanar-al-mundo-expreso","status":"publish","type":"post","link":"https:\/\/partediario.com.ar\/?p=7062","title":{"rendered":"El Papa ya se encuentra a Timor Oriental: \u00abEl amor es m\u00e1s fuerte que todo y puede sanar al mundo\u00bb, expres\u00f3"},"content":{"rendered":"\n<h3 class=\"wp-block-heading\">El papa Francisco lleg\u00f3 este lunes a Dili, capital de Timor Oriental, luego de un vuelo de cerca de tres horas y media desde su escala anterior de la gira por Asia y Ocean\u00eda.<\/h3>\n\n\n\n<p>La isla del sudeste asi\u00e1tico de mayor\u00eda cat\u00f3lica es la tercera escala de su viaje apost\u00f3lico que durar\u00e1 hasta el pr\u00f3ximo mi\u00e9rcoles 11 de septiembre y que concluir\u00e1 en Singapur.<\/p>\n\n\n\n<p>El Papa exhort\u00f3 a los fieles cat\u00f3licos a ser instrumentos del amor en la peque\u00f1a pero vital realidad misionera en la provincia de Sandau, durante la segunda etapa de la gira. El Sumo Pont\u00edfice los llam\u00f3 a \u00abvencer rivalidades, divisiones, miedos, superstici\u00f3n, violencia y explotaci\u00f3n\u00bb, destac\u00f3 el sitio Vatican News.<\/p>\n\n\n\n<p>Los fieles -catequistas, religiosos, laicos, familias-, los que compartieron su testimonio ante centenares de personas reunidas en la explanada frente a la Pro-Catedral de la Santa Cruz en Vanimo, fueron los destinatarios de las palabras del papa Francisco. Francisco tom\u00f3 como hilo conductor de su discurso las experiencias de misi\u00f3n en una tierra bendecida por maravillas de la Creaci\u00f3n, pero, sobre todo, por un pueblo de gente buena que \u00abse manifiesta en la caridad con la que se aman\u00bb.<\/p>\n\n\n\n<p>Seg\u00fan con la descripci\u00f3n del sitio oficial del Vaticano esa localidad est\u00e1 \u00abbendecida por una maravilla de paisajes que evocan el Ed\u00e9n\u00bb.<\/p>\n","protected":false},"excerpt":{"rendered":"<p>El papa Francisco lleg&oacute; este lunes a Dili, capital de Timor Oriental, luego de un vuelo de cerca de tres horas y media desde su escala anterior de la gira por Asia y Ocean&iacute;a. La isla del sudeste asi&aacute;tico de mayor&iacute;a cat&oacute;lica es la tercera escala de su viaje apost&oacute;lico que durar&aacute; hasta el pr&oacute;ximo [&hellip;]<\/p>\n","protected":false},"author":2,"featured_media":7063,"comment_status":"open","ping_status":"open","sticky":false,"template":"","format":"standard","meta":{"footnotes":""},"categories":[9,726],"tags":[3129,3130,2950,336,3131,3128],"class_list":["post-7062","post","type-post","status-publish","format-standard","has-post-thumbnail","hentry","category-internacionales","category-sociedad","tag-dili","tag-gira","tag-oceania","tag-papa-francisco","tag-singapur","tag-timor-oriental"],"_links":{"self":[{"href":"https:\/\/partediario.com.ar\/index.php?rest_route=\/wp\/v2\/posts\/7062","targetHints":{"allow":["GET"]}}],"collection":[{"href":"https:\/\/partediario.com.ar\/index.php?rest_route=\/wp\/v2\/posts"}],"about":[{"href":"https:\/\/partediario.com.ar\/index.php?rest_route=\/wp\/v2\/types\/post"}],"author":[{"embeddable":true,"href":"https:\/\/partediario.com.ar\/index.php?rest_route=\/wp\/v2\/users\/2"}],"replies":[{"embeddable":true,"href":"https:\/\/partediario.com.ar\/index.php?rest_route=%2Fwp%2Fv2%2Fcomments&post=7062"}],"version-history":[{"count":1,"href":"https:\/\/partediario.com.ar\/index.php?rest_route=\/wp\/v2\/posts\/7062\/revisions"}],"predecessor-version":[{"id":7064,"href":"https:\/\/partediario.com.ar\/index.php?rest_route=\/wp\/v2\/posts\/7062\/revisions\/7064"}],"wp:featuredmedia":[{"embeddable":true,"href":"https:\/\/partediario.com.ar\/index.php?rest_route=\/wp\/v2\/media\/7063"}],"wp:attachment":[{"href":"https:\/\/partediario.com.ar\/index.php?rest_route=%2Fwp%2Fv2%2Fmedia&parent=7062"}],"wp:term":[{"taxonomy":"category","embeddable":true,"href":"https:\/\/partediario.com.ar\/index.php?rest_route=%2Fwp%2Fv2%2Fcategories&post=7062"},{"taxonomy":"post_tag","embeddable":true,"href":"https:\/\/partediario.com.ar\/index.php?rest_route=%2Fwp%2Fv2%2Ftags&post=7062"}],"curies":[{"name":"wp","href":"https:\/\/api.w.org\/{rel}","templated":true}]}}