{"id":7077,"date":"2024-09-09T11:05:20","date_gmt":"2024-09-09T14:05:20","guid":{"rendered":"https:\/\/partediario.com.ar\/?p=7077"},"modified":"2024-09-09T11:05:20","modified_gmt":"2024-09-09T14:05:20","slug":"el-pro-presento-una-iniciativa-para-privatizar-aerolineas-argentinas","status":"publish","type":"post","link":"https:\/\/partediario.com.ar\/?p=7077","title":{"rendered":"El PRO present\u00f3 una iniciativa para privatizar Aerol\u00edneas Argentinas"},"content":{"rendered":"\n<h3 class=\"wp-block-heading\">En medio del conflicto gremial por el reclamo salarial de los trabajadores aeron\u00e1uticos, el PRO envi\u00f3 un proyecto de ley al Congreso para privatizar Aerol\u00edneas Argentinas, una de las propuestas que hab\u00eda incluido el oficialismo en la ley Bases y que finalmente fue descartada luego de arduas negociaciones con la oposici\u00f3n.<\/h3>\n\n\n\n<p>\u201cA\u00f1os de corrupci\u00f3n, el uso de la empresa como un nicho para acomodar militancia partidaria, y la extorsi\u00f3n por parte de algunos sindicatos, nos han costado millones de d\u00f3lares a todos los argentinos\u201d, expresa el texto que present\u00f3 Hern\u00e1n Lombardi, acompa\u00f1ado por otros 20 legisladores del partido pseudo opositor.<\/p>\n\n\n\n<p>El proyecto destaca \u201cel d\u00e9ficit que genera Aerolineas Argentinas en las arcas del Estado: solo en el a\u00f1o 2023, la aerol\u00ednea report\u00f3 p\u00e9rdidas cercanas a 200 millones de d\u00f3lares. Desde su reestatizaci\u00f3n, los aportes del Estado para cubrir el d\u00e9ficit es superior a los 8.000 millones de d\u00f3lares\u201d.<\/p>\n\n\n\n<p>Los firmantes adem\u00e1s dieron cuenta sobre la cantidad de empleados de la l\u00ednea de bandera, al se\u00f1alar que \u201cAerol\u00edneas Argentinas cuenta con una dotaci\u00f3n de 1.204 pilotos de l\u00ednea para 81 aviones activos, es decir hay casi 15 pilotos por cada avi\u00f3n operativo\u201d.<\/p>\n\n\n\n<p>Adem\u00e1s apuntaron, contra el costo de Aerol\u00edneas en relaci\u00f3n con las Low Cost. \u201cLas aerol\u00edneas conocidas como \u2018Low Cost\u2019 han brindado a miles de argentinos la oportunidad de transportarse de manera r\u00e1pida y a un costo reducido en comparaci\u00f3n con otras empresas y medios de transporte. Aerolineas Argentinas nunca ha podido igualar estos bajos precios, lo que ha contribuido a su creciente falta de competitividad en el mercado\u201d.<\/p>\n\n\n\n<p>De este modo, el PRO plantea privatizar la empresa, al considerar que as\u00ed podr\u00e1 operar \u201cbajo criterios de eficiencia comercial, mejorando la calidad del servicio y generando un ambiente m\u00e1s competitivo que beneficiar\u00e1 a todos los ciudadanos\u201d.<\/p>\n\n\n\n<p><strong>El conflicto gremial<\/strong><\/p>\n\n\n\n<p>El proyecto arriba en un momento de fuerte tensi\u00f3n gremial en la empresa de bandera. Los trabajadores reclaman mejoras salariales y en las \u00faltimas semanas realizaron distintas medidas de fuerza.<\/p>\n\n\n\n<p>El presidente de Aerol\u00edneas Argentinas, Fabi\u00e1n Lombardo, hizo referencia a la \u00faltima medida -que repercuti\u00f3 en 150 vuelos y 15.000 pasajeros- y manifest\u00f3 que se trat\u00f3 de un \u201cparo extorsivo y sin ninguna l\u00f3gica\u201d.<\/p>\n\n\n\n<p>Sobre la situaci\u00f3n de la empresa, el presidente de Aerol\u00edneas Argentinas asever\u00f3 que \u201cEl mandato del Presidente de la Naci\u00f3n es avanzar hacia el saneamiento de la compa\u00f1\u00eda para hacerla atractiva a la inversi\u00f3n de capitales y a su privatizaci\u00f3n\u201d. Sin embargo reconoci\u00f3 que esto es, por ahora, algo que \u201cest\u00e1 fuera de lo que sancion\u00f3 el Congreso\u201d.<\/p>\n\n\n\n<p>En el caso que este proyecto avance, el Gobierno podr\u00e1 llevar adelante una de las iniciativas que viene planeando desde la llegada de Javier Milei al gobierno.<\/p>\n","protected":false},"excerpt":{"rendered":"<p>En medio del conflicto gremial por el reclamo salarial de los trabajadores aeron&aacute;uticos, el PRO envi&oacute; un proyecto de ley al Congreso para privatizar Aerol&iacute;neas Argentinas, una de las propuestas que hab&iacute;a incluido el oficialismo en la ley Bases y que finalmente fue descartada luego de arduas negociaciones con la oposici&oacute;n. &ldquo;A&ntilde;os de corrupci&oacute;n, el [&hellip;]<\/p>\n","protected":false},"author":2,"featured_media":7078,"comment_status":"open","ping_status":"open","sticky":false,"template":"","format":"standard","meta":{"footnotes":""},"categories":[978,5,176],"tags":[962,3133,3132,2062],"class_list":["post-7077","post","type-post","status-publish","format-standard","has-post-thumbnail","hentry","category-gremiales","category-nacionales","category-politica","tag-aerolineas-argentinas","tag-fabian-lombardo","tag-privatizar","tag-pro"],"_links":{"self":[{"href":"https:\/\/partediario.com.ar\/index.php?rest_route=\/wp\/v2\/posts\/7077","targetHints":{"allow":["GET"]}}],"collection":[{"href":"https:\/\/partediario.com.ar\/index.php?rest_route=\/wp\/v2\/posts"}],"about":[{"href":"https:\/\/partediario.com.ar\/index.php?rest_route=\/wp\/v2\/types\/post"}],"author":[{"embeddable":true,"href":"https:\/\/partediario.com.ar\/index.php?rest_route=\/wp\/v2\/users\/2"}],"replies":[{"embeddable":true,"href":"https:\/\/partediario.com.ar\/index.php?rest_route=%2Fwp%2Fv2%2Fcomments&post=7077"}],"version-history":[{"count":1,"href":"https:\/\/partediario.com.ar\/index.php?rest_route=\/wp\/v2\/posts\/7077\/revisions"}],"predecessor-version":[{"id":7079,"href":"https:\/\/partediario.com.ar\/index.php?rest_route=\/wp\/v2\/posts\/7077\/revisions\/7079"}],"wp:featuredmedia":[{"embeddable":true,"href":"https:\/\/partediario.com.ar\/index.php?rest_route=\/wp\/v2\/media\/7078"}],"wp:attachment":[{"href":"https:\/\/partediario.com.ar\/index.php?rest_route=%2Fwp%2Fv2%2Fmedia&parent=7077"}],"wp:term":[{"taxonomy":"category","embeddable":true,"href":"https:\/\/partediario.com.ar\/index.php?rest_route=%2Fwp%2Fv2%2Fcategories&post=7077"},{"taxonomy":"post_tag","embeddable":true,"href":"https:\/\/partediario.com.ar\/index.php?rest_route=%2Fwp%2Fv2%2Ftags&post=7077"}],"curies":[{"name":"wp","href":"https:\/\/api.w.org\/{rel}","templated":true}]}}