{"id":7084,"date":"2024-09-09T13:19:51","date_gmt":"2024-09-09T16:19:51","guid":{"rendered":"https:\/\/partediario.com.ar\/?p=7084"},"modified":"2024-09-09T13:19:51","modified_gmt":"2024-09-09T16:19:51","slug":"el-nuevo-parte-medico-de-francos-se-encuentra-recuperado-lucido-afebril-y-estable","status":"publish","type":"post","link":"https:\/\/partediario.com.ar\/?p=7084","title":{"rendered":"El nuevo parte m\u00e9dico de Francos: se encuentra \u00abRecuperado, l\u00facido, afebril y estable\u00bb"},"content":{"rendered":"\n<p><strong>Tras la internaci\u00f3n del jefe de Gabinete en el d\u00eda de ayer, desde la cl\u00ednica Sagrada Familia informaron que permanece \u00abcon par\u00e1metros cl\u00ednicos normales\u00bb.<\/strong><\/p>\n\n\n\n<p>Se dio a conocer el nuevo parte m\u00e9dico del jefe de Gabinete, Guillermo Francos, despu\u00e9s de su internaci\u00f3n en el d\u00eda de ayer; se comunic\u00f3 que se encuentra \u00abrecuperado, l\u00facido, afebril y estable\u00bb.<\/p>\n\n\n\n<p>\u00abEl doctor Guillermo Francos cursa su segundo d\u00eda de internaci\u00f3n en la cl\u00ednica Sagrada Familia, post descompensaci\u00f3n por cuadro sincopal y p\u00e9rdida de conocimiento\u00bb, detalla el comunicado.<\/p>\n\n\n\n<p>Adem\u00e1s, indica que el funcionario permanece \u00abcon par\u00e1metros cl\u00ednicos, hemodin\u00e1micos y fisiol\u00f3gicos normales\u00bb y en condiciones \u00abde pre alta cl\u00ednica\u00bb.<\/p>\n\n\n\n<p>En el d\u00eda de ayer, el funcionario nacional hab\u00eda ingresado a la cl\u00ednica porte\u00f1a por un cuadro gastrointestinal que deriv\u00f3 en un episodio de lipotimia e implic\u00f3 la p\u00e9rdida de la conciencia; a pesar de lo sucedido, tanto los profesionales que lo atienden y su entorno, dejaron en claro que se recupera favorablemente y que, en no mucho tiempo, volver\u00eda a retomar sus tareas.<\/p>\n","protected":false},"excerpt":{"rendered":"<p>Tras la internaci&oacute;n del jefe de Gabinete en el d&iacute;a de ayer, desde la cl&iacute;nica Sagrada Familia informaron que permanece &laquo;con par&aacute;metros cl&iacute;nicos normales&raquo;. Se dio a conocer el nuevo parte m&eacute;dico del jefe de Gabinete, Guillermo Francos, despu&eacute;s de su internaci&oacute;n en el d&iacute;a de ayer; se comunic&oacute; que se encuentra &laquo;recuperado, l&uacute;cido, afebril [&hellip;]<\/p>\n","protected":false},"author":2,"featured_media":7085,"comment_status":"open","ping_status":"open","sticky":false,"template":"","format":"standard","meta":{"footnotes":""},"categories":[5,176],"tags":[329,728,727,3136],"class_list":["post-7084","post","type-post","status-publish","format-standard","has-post-thumbnail","hentry","category-nacionales","category-politica","tag-guillermo-francos","tag-medico-2","tag-parte","tag-sagrada-familia"],"_links":{"self":[{"href":"https:\/\/partediario.com.ar\/index.php?rest_route=\/wp\/v2\/posts\/7084","targetHints":{"allow":["GET"]}}],"collection":[{"href":"https:\/\/partediario.com.ar\/index.php?rest_route=\/wp\/v2\/posts"}],"about":[{"href":"https:\/\/partediario.com.ar\/index.php?rest_route=\/wp\/v2\/types\/post"}],"author":[{"embeddable":true,"href":"https:\/\/partediario.com.ar\/index.php?rest_route=\/wp\/v2\/users\/2"}],"replies":[{"embeddable":true,"href":"https:\/\/partediario.com.ar\/index.php?rest_route=%2Fwp%2Fv2%2Fcomments&post=7084"}],"version-history":[{"count":1,"href":"https:\/\/partediario.com.ar\/index.php?rest_route=\/wp\/v2\/posts\/7084\/revisions"}],"predecessor-version":[{"id":7086,"href":"https:\/\/partediario.com.ar\/index.php?rest_route=\/wp\/v2\/posts\/7084\/revisions\/7086"}],"wp:featuredmedia":[{"embeddable":true,"href":"https:\/\/partediario.com.ar\/index.php?rest_route=\/wp\/v2\/media\/7085"}],"wp:attachment":[{"href":"https:\/\/partediario.com.ar\/index.php?rest_route=%2Fwp%2Fv2%2Fmedia&parent=7084"}],"wp:term":[{"taxonomy":"category","embeddable":true,"href":"https:\/\/partediario.com.ar\/index.php?rest_route=%2Fwp%2Fv2%2Fcategories&post=7084"},{"taxonomy":"post_tag","embeddable":true,"href":"https:\/\/partediario.com.ar\/index.php?rest_route=%2Fwp%2Fv2%2Ftags&post=7084"}],"curies":[{"name":"wp","href":"https:\/\/api.w.org\/{rel}","templated":true}]}}