{"id":7096,"date":"2024-09-09T20:00:54","date_gmt":"2024-09-09T23:00:54","guid":{"rendered":"https:\/\/partediario.com.ar\/?p=7096"},"modified":"2024-09-09T20:00:55","modified_gmt":"2024-09-09T23:00:55","slug":"el-gobierno-nacional-fortalece-la-seguridad-de-las-aeronaves-y-avanza-en-la-liberacion-de-los-cielos-con-los-paises-bajos","status":"publish","type":"post","link":"https:\/\/partediario.com.ar\/?p=7096","title":{"rendered":"El Gobierno Nacional fortalece la seguridad de las aeronaves y avanza en la liberaci\u00f3n de los cielos con los Pa\u00edses Bajos"},"content":{"rendered":"\n<h3 class=\"wp-block-heading\">Argentina avanza con su pol\u00edtica de Cielos Abiertos y de Desregulaci\u00f3n A\u00e9rea, con la oficializaci\u00f3n de dos importantes leyes vinculadas, a fortalecer la seguridad de las aeronaves una, y a potenciar los servicios vigentes que conectan Argentina y Pa\u00edses Bajos.<\/h3>\n\n\n\n<p>El Gobierno Nacional fortalece la seguridad de las aeronaves y avanza en la liberaci\u00f3n de los cielos con Pa\u00edses Bajos.<\/p>\n\n\n\n<p>En esa l\u00ednea, por un lado se aprob\u00f3 el convenio para la Represi\u00f3n de Actos Il\u00edcitos Relacionados con la Aviaci\u00f3n Civil Internacional y el Protocolo Complementario para el Apoderamiento Il\u00edcito de Aeronaves.<\/p>\n\n\n\n<p>Entre los aspectos centrales de la normativa, se define las consideraciones para clasificar un delito y detalla las caracter\u00edsticas fundamentales en los servicios de aeronaves, rigi\u00e9ndose por el derecho internacional.<\/p>\n\n\n\n<p>De este modo, se fortalece la seguridad de las aeronaves y del transporte a\u00e9reo y se actualiza la legislaci\u00f3n vigente, conforme los \u00faltimos avances de la materia.<\/p>\n\n\n\n<p>Adem\u00e1s se aprob\u00f3 el acuerdo sobre servicios a\u00e9reos entre Argentina y el Reino de los Pa\u00edses Bajos, representando un paso previo para profundizar la liberaci\u00f3n de los cielos entre ambos pa\u00edses, como ya ocurri\u00f3 con Paraguay, Brasil, Chile, Per\u00fa, Ecuador y Uruguay, Panam\u00e1 y Canad\u00e1.<\/p>\n\n\n\n<p>Estas medidas, seg\u00fan se\u00f1alaron las fuentes de transporte, fortalecen la seguridad a\u00e9rea y la libertad econ\u00f3mica, objetivos prioritarios en la pol\u00edtica del Gobierno Nacional en materia de transporte a\u00e9reo. Ambas decisiones fueron publicadas hoy en el Bolet\u00edn Oficial.<\/p>\n","protected":false},"excerpt":{"rendered":"<p>Argentina avanza con su pol&iacute;tica de Cielos Abiertos y de Desregulaci&oacute;n A&eacute;rea, con la oficializaci&oacute;n de dos importantes leyes vinculadas, a fortalecer la seguridad de las aeronaves una, y a potenciar los servicios vigentes que conectan Argentina y Pa&iacute;ses Bajos. El Gobierno Nacional fortalece la seguridad de las aeronaves y avanza en la liberaci&oacute;n de [&hellip;]<\/p>\n","protected":false},"author":2,"featured_media":7097,"comment_status":"open","ping_status":"open","sticky":false,"template":"","format":"standard","meta":{"footnotes":""},"categories":[5,176],"tags":[3145,3147,1588,888],"class_list":["post-7096","post","type-post","status-publish","format-standard","has-post-thumbnail","hentry","category-nacionales","category-politica","tag-aeronavoes","tag-liberacion","tag-paises-bajos","tag-seguridad"],"_links":{"self":[{"href":"https:\/\/partediario.com.ar\/index.php?rest_route=\/wp\/v2\/posts\/7096","targetHints":{"allow":["GET"]}}],"collection":[{"href":"https:\/\/partediario.com.ar\/index.php?rest_route=\/wp\/v2\/posts"}],"about":[{"href":"https:\/\/partediario.com.ar\/index.php?rest_route=\/wp\/v2\/types\/post"}],"author":[{"embeddable":true,"href":"https:\/\/partediario.com.ar\/index.php?rest_route=\/wp\/v2\/users\/2"}],"replies":[{"embeddable":true,"href":"https:\/\/partediario.com.ar\/index.php?rest_route=%2Fwp%2Fv2%2Fcomments&post=7096"}],"version-history":[{"count":1,"href":"https:\/\/partediario.com.ar\/index.php?rest_route=\/wp\/v2\/posts\/7096\/revisions"}],"predecessor-version":[{"id":7098,"href":"https:\/\/partediario.com.ar\/index.php?rest_route=\/wp\/v2\/posts\/7096\/revisions\/7098"}],"wp:featuredmedia":[{"embeddable":true,"href":"https:\/\/partediario.com.ar\/index.php?rest_route=\/wp\/v2\/media\/7097"}],"wp:attachment":[{"href":"https:\/\/partediario.com.ar\/index.php?rest_route=%2Fwp%2Fv2%2Fmedia&parent=7096"}],"wp:term":[{"taxonomy":"category","embeddable":true,"href":"https:\/\/partediario.com.ar\/index.php?rest_route=%2Fwp%2Fv2%2Fcategories&post=7096"},{"taxonomy":"post_tag","embeddable":true,"href":"https:\/\/partediario.com.ar\/index.php?rest_route=%2Fwp%2Fv2%2Ftags&post=7096"}],"curies":[{"name":"wp","href":"https:\/\/api.w.org\/{rel}","templated":true}]}}