{"id":7102,"date":"2024-09-09T20:17:50","date_gmt":"2024-09-09T23:17:50","guid":{"rendered":"https:\/\/partediario.com.ar\/?p=7102"},"modified":"2024-09-09T20:17:50","modified_gmt":"2024-09-09T23:17:50","slug":"cumbre-lla-pro-en-la-casa-rosada-acordaron-debatir-el-acceso-a-la-informacion-publica-y-habra-reuniones-semanales","status":"publish","type":"post","link":"https:\/\/partediario.com.ar\/?p=7102","title":{"rendered":"Cumbre LLA-PRO en la Casa Rosada: acordaron debatir el acceso a la informaci\u00f3n p\u00fablica y habr\u00e1 reuniones semanales"},"content":{"rendered":"\n<h3 class=\"wp-block-heading\">Los legisladores macristas indicaron que hubo disposici\u00f3n en modificar el pol\u00e9mico decreto, tal como dijo Francos y contrariamente a lo que hab\u00eda informado el vocero Manuel Adorni.<\/h3>\n\n\n\n<p>Funcionarios del Gobierno encabezaron en Casa Rosada una reuni\u00f3n con los jefes de bloques de Diputados de La Libertad Avanza, del MID, y el PRO para afinar la relaci\u00f3n legislativa y acordaron \u00abcorregir\u00bb aspectos del v\u00ednculo con la puesta en marcha de reuniones semanales, que incluir\u00e1 debatir cambios al decreto de reglamentaci\u00f3n del acceso a la informaci\u00f3n p\u00fablica, cuestionado duramente por la oposici\u00f3n.<\/p>\n\n\n\n<p>El objetivo del c\u00f3nclave, que se extendi\u00f3 por dos horas, fue el de bajar la tensi\u00f3n con el Gobierno tras la negativa que gener\u00f3 en el parlamento el reciente decreto 780\/2024, que modifica la ley sobre el acceso a la informaci\u00f3n p\u00fablica.<\/p>\n\n\n\n<p>El jefe de Gabinete, Guillermo Francos, era el interlocutor designado para encabezar la reuni\u00f3n, pero a ra\u00edz del un agudo malestar gastrointestinal que lo oblig\u00f3 a internarse el domingo pasado en la cl\u00ednica La Sagrada Familia, mientras a\u00fan aguardaba recibir el alta m\u00e9dica.<\/p>\n\n\n\n<p>A contramano de la decisi\u00f3n de involucrarse de manera directa en las negociaciones pol\u00edticas, lider\u00f3 el encuentro la secretaria General de la Presidencia, Karina Milei. Estuvo acompa\u00f1ada por el ministro de Desregulaci\u00f3n y Transformaci\u00f3n del Estado, Federico Sturzenegger; el vicejefe de Gabinete del Interior, Lisandro Catal\u00e1n; el vicejefe de Gabinete, Jos\u00e9 Rolandi; y el secretario de Relaciones Parlamentarias y con la Sociedad Civil, Omar De Marchi.<\/p>\n\n\n\n<p>En representaci\u00f3n del bloque oficialista estuvieron su titular, Gabriel Bornoroni, acompa\u00f1ado por el presidente de la C\u00e1mara de Diputados, Mart\u00edn Menem, y los legisladores Nadia M\u00e1rquez, Carlos Zapata y Santiago Santurio.<\/p>\n\n\n\n<p>Por el PRO participaron Cristian Ritondo, Silvia Lospennato, y la bullrichista Silvana Giudici, por su parte el Movimiento de Integraci\u00f3n y Desarrollo (MID), asisti\u00f3 Oscar Zago, que al igual que en la \u00faltima reuni\u00f3n lleg\u00f3 junto a Ritondo.<\/p>\n\n\n\n<p>\u00abTrabajamos sobre la relaci\u00f3n entre los bloques de LLA y el PRO en una mirada de c\u00f3mo venimos, c\u00f3mo debemos corregir la relaci\u00f3n, hay una propuesta de futuro porque el 16 entrar\u00eda el Presupuesto\u00bb, indic\u00f3 Ritondo al retirarse del edificio de Balcarce 50.<\/p>\n\n\n\n<p>Y agreg\u00f3: \u00abTambi\u00e9n hablamos de nuestra apreciaci\u00f3n sobre el decreto sobre acceso a la informaci\u00f3n p\u00fablica. Nadie nos hab\u00eda dicho sobre el DNU. Vamos a tener reuniones con t\u00e9cnicos, se va reunir semanalmente esta mesa\u00bb.<\/p>\n\n\n\n<p>Por su parte, Lospennato manifest\u00f3 que \u00abhasta la presidencia de (Mauricio) Macri no hubo acceso a la informaci\u00f3n publica en la Argentina\u00bb, con lo cual dio que le \u00abllama la atenci\u00f3n que los que se desgarran la vestiduras y durante tres gobiernos kirchneristas no exig\u00edan eso, es un derecho adquirido\u00bb.<\/p>\n\n\n\n<p>Ritondo expres\u00f3 que en la reuni\u00f3n los representantes del oficialismo les dijeron que no se va a \u00abcambiar la voluntad de la ley\u00bb y que hubo un planteo sobre \u00abla cantidad de pedidos que se presentaban\u00bb para tener acceso a informaci\u00f3n oficial, que al parecer consideran que eran demasiados.<\/p>\n\n\n\n<p>\u00abNos dijeron que van a transparentar y no restringir. Francos dijo que si hab\u00eda que hacer una modificaci\u00f3n se iba a hacer\u00bb, subray\u00f3 Lospenatto.<\/p>\n\n\n\n<p>De este modo, los legisladores del PRO se\u00f1alaron que durante el encuentro los representantes del Gobierno se mostraron dispuestos a modificar la ley de acceso a la informaci\u00f3n, tal como dijo Francos y a diferencia de lo que hab\u00eda informado el vocero presidencial Manuel Adorni, quien le hab\u00eda cerrado la posibilidad de debate a ese pedido de la oposici\u00f3n.<\/p>\n\n\n\n<p>En ese contexto, Ritondo reconoci\u00f3 que entre el PRO y el oficialismo hay \u00abacuerdo en temas econ\u00f3micos\u00bb, pero no tanto \u00aben los institucionales\u00bb. Por otro lado, durante la reuni\u00f3n Sturzenegger present\u00f3 proyectos de ley que el Gobierno buscar\u00e1 impulsar para su tratamiento en el Congreso, entre ellos la ley \u00abhojarasca\u00bb.<\/p>\n\n\n\n<p>El encuentro sucedi\u00f3 tras el intercambio del 30 de agosto, cuando el presidente Milei consigui\u00f3 el apoyo para sostener el rechazo a la ley de aumento de jubilaciones tras explicar sus movimientos a los legisladores. En esta oportunidad, optaron por realizar una convocatoria reducida.<\/p>\n\n\n\n<p>El oficialismo y los bloques \u00abdialoguistas\u00bb deben coordinar la estrategia ante la insistencia de la C\u00e1mara de Diputados por la actualizaci\u00f3n de jubilaciones, y el incremento en el presupuesto universitario, el rechazo al DNU que le otorga fondos millonarios a la SIDE, y el tratamiento de la Boleta \u00danica de Papel (BUP) como nuevo instrumento de votaci\u00f3n en el Senado.<\/p>\n\n\n\n<p>Ante la crisis en la bancada oficialista que termin\u00f3 con la expulsi\u00f3n de la diputada Lourdes Arrieta del espacio tras sucesivas denuncias contra sus pares, la opci\u00f3n de la conformaci\u00f3n de un interbloque con fuerzas aliadas resuena el ideal libertario, propuesta que es resistida por los legisladores que repoden a Mauricio Macri en defensa de la independencia de los espacios.<\/p>\n\n\n\n<p>\u00abConformar un interbloque nos obliga a ser oficialismo y a tener que defender las cosas que est\u00e1n mal. No hay posibilidades\u00bb, apunt\u00f3 un interlocutor del PRO, que considera m\u00e1s viable un interbloque con el MID que con La Libertad Avanza.<\/p>\n","protected":false},"excerpt":{"rendered":"<p>Los legisladores macristas indicaron que hubo disposici&oacute;n en modificar el pol&eacute;mico decreto, tal como dijo Francos y contrariamente a lo que hab&iacute;a informado el vocero Manuel Adorni. Funcionarios del Gobierno encabezaron en Casa Rosada una reuni&oacute;n con los jefes de bloques de Diputados de La Libertad Avanza, del MID, y el PRO para afinar la [&hellip;]<\/p>\n","protected":false},"author":2,"featured_media":7103,"comment_status":"open","ping_status":"open","sticky":false,"template":"","format":"standard","meta":{"footnotes":""},"categories":[5,176],"tags":[3113,1108,3151,329,263,3152,393,646,262,3150,2062,1110],"class_list":["post-7102","post","type-post","status-publish","format-standard","has-post-thumbnail","hentry","category-nacionales","category-politica","tag-acceso","tag-acuerdo","tag-cristian-ritondo","tag-guillermo-francos","tag-karina-milei","tag-lisandro-catalan","tag-lla","tag-manuel-adorni","tag-martin-menem","tag-mid","tag-pro","tag-publica"],"_links":{"self":[{"href":"https:\/\/partediario.com.ar\/index.php?rest_route=\/wp\/v2\/posts\/7102","targetHints":{"allow":["GET"]}}],"collection":[{"href":"https:\/\/partediario.com.ar\/index.php?rest_route=\/wp\/v2\/posts"}],"about":[{"href":"https:\/\/partediario.com.ar\/index.php?rest_route=\/wp\/v2\/types\/post"}],"author":[{"embeddable":true,"href":"https:\/\/partediario.com.ar\/index.php?rest_route=\/wp\/v2\/users\/2"}],"replies":[{"embeddable":true,"href":"https:\/\/partediario.com.ar\/index.php?rest_route=%2Fwp%2Fv2%2Fcomments&post=7102"}],"version-history":[{"count":1,"href":"https:\/\/partediario.com.ar\/index.php?rest_route=\/wp\/v2\/posts\/7102\/revisions"}],"predecessor-version":[{"id":7104,"href":"https:\/\/partediario.com.ar\/index.php?rest_route=\/wp\/v2\/posts\/7102\/revisions\/7104"}],"wp:featuredmedia":[{"embeddable":true,"href":"https:\/\/partediario.com.ar\/index.php?rest_route=\/wp\/v2\/media\/7103"}],"wp:attachment":[{"href":"https:\/\/partediario.com.ar\/index.php?rest_route=%2Fwp%2Fv2%2Fmedia&parent=7102"}],"wp:term":[{"taxonomy":"category","embeddable":true,"href":"https:\/\/partediario.com.ar\/index.php?rest_route=%2Fwp%2Fv2%2Fcategories&post=7102"},{"taxonomy":"post_tag","embeddable":true,"href":"https:\/\/partediario.com.ar\/index.php?rest_route=%2Fwp%2Fv2%2Ftags&post=7102"}],"curies":[{"name":"wp","href":"https:\/\/api.w.org\/{rel}","templated":true}]}}