{"id":7105,"date":"2024-09-09T20:22:14","date_gmt":"2024-09-09T23:22:14","guid":{"rendered":"https:\/\/partediario.com.ar\/?p=7105"},"modified":"2024-09-09T20:22:15","modified_gmt":"2024-09-09T23:22:15","slug":"elon-musk-alerto-que-eeuu-puede-terminar-en-la-tragica-situacion-que-ocurre-en-argentina","status":"publish","type":"post","link":"https:\/\/partediario.com.ar\/?p=7105","title":{"rendered":"Elon Musk alert\u00f3 que EEUU puede terminar en la \u00abtr\u00e1gica situaci\u00f3n\u00bb que ocurre en Argentina"},"content":{"rendered":"\n<h3 class=\"wp-block-heading\">El multimillonario ponder\u00f3 las pol\u00edticas de Milei, pero se\u00f1al\u00f3 que el pa\u00eds atraviesa una dif\u00edcil situaci\u00f3n.<\/h3>\n\n\n\n<p>El empresario Elon Musk advirti\u00f3 que Estados Unidos podr\u00eda terminar en la \u00abtr\u00e1gica situaci\u00f3n\u00bb que atraviesa la Argentina si no reduce el tama\u00f1o del estado y el gasto.<\/p>\n\n\n\n<p>El multimillonario hizo referencia a la Argentina al cuestionar el rumbo de la econom\u00eda de los Estados Unidos y al gobierno del Partido Dem\u00f3crata que encabeza el presidente Joe Biden.<\/p>\n\n\n\n<p>Si bien dijo que el mandatario Javier Milei puede \u00abrestaurar\u00bb la econom\u00eda argentina, destac\u00f3 que el pa\u00eds era de los \u00abm\u00e1s pr\u00f3speros del mundo y hoy est\u00e1 muy lejos de eso\u00bb.<\/p>\n\n\n\n<p>El due\u00f1o de X, Tesla, Space X, entre otras empresas, brind\u00f3 una entrevista en la que asegur\u00f3 que Estados Unidos est\u00e1 \u00abgastando a un ritmo que est\u00e1 arruinando al pa\u00eds\u00bb.<\/p>\n\n\n\n<p>\u00abLos pagos de intereses de la deuda estadounidense este a\u00f1o superaron todo el gasto del Departamento de Defensa. Si esto contin\u00faa, terminas \u00bfs\u00e1bes? en la tr\u00e1gica situaci\u00f3n que atraviesa la Argentina\u00bb, expres\u00f3 Musk.<\/p>\n\n\n\n<p>Y agreg\u00f3: \u00abArgentina sol\u00eda ser uno de los pa\u00edses m\u00e1s pr\u00f3speros del mundo y hoy est\u00e1 muy lejos de eso. Con suerte, con Milei a cargo, \u00e9l pueda restaurarla\u00bb.<\/p>\n\n\n\n<p>El empresario llam\u00f3 a reducir el tama\u00f1o del estado y el gasto en los Estados Unidos, e indic\u00f3 que \u00abno hay que dar por sentada la prosperidad\u00bb de ese pa\u00eds.<\/p>\n","protected":false},"excerpt":{"rendered":"<p>El multimillonario ponder&oacute; las pol&iacute;ticas de Milei, pero se&ntilde;al&oacute; que el pa&iacute;s atraviesa una dif&iacute;cil situaci&oacute;n. El empresario Elon Musk advirti&oacute; que Estados Unidos podr&iacute;a terminar en la &laquo;tr&aacute;gica situaci&oacute;n&raquo; que atraviesa la Argentina si no reduce el tama&ntilde;o del estado y el gasto. El multimillonario hizo referencia a la Argentina al cuestionar el rumbo [&hellip;]<\/p>\n","protected":false},"author":2,"featured_media":7106,"comment_status":"open","ping_status":"open","sticky":false,"template":"","format":"standard","meta":{"footnotes":""},"categories":[9,176],"tags":[411,1961,232,340],"class_list":["post-7105","post","type-post","status-publish","format-standard","has-post-thumbnail","hentry","category-internacionales","category-politica","tag-argentina","tag-elon-musk","tag-javier-milei","tag-joe-biden"],"_links":{"self":[{"href":"https:\/\/partediario.com.ar\/index.php?rest_route=\/wp\/v2\/posts\/7105","targetHints":{"allow":["GET"]}}],"collection":[{"href":"https:\/\/partediario.com.ar\/index.php?rest_route=\/wp\/v2\/posts"}],"about":[{"href":"https:\/\/partediario.com.ar\/index.php?rest_route=\/wp\/v2\/types\/post"}],"author":[{"embeddable":true,"href":"https:\/\/partediario.com.ar\/index.php?rest_route=\/wp\/v2\/users\/2"}],"replies":[{"embeddable":true,"href":"https:\/\/partediario.com.ar\/index.php?rest_route=%2Fwp%2Fv2%2Fcomments&post=7105"}],"version-history":[{"count":1,"href":"https:\/\/partediario.com.ar\/index.php?rest_route=\/wp\/v2\/posts\/7105\/revisions"}],"predecessor-version":[{"id":7107,"href":"https:\/\/partediario.com.ar\/index.php?rest_route=\/wp\/v2\/posts\/7105\/revisions\/7107"}],"wp:featuredmedia":[{"embeddable":true,"href":"https:\/\/partediario.com.ar\/index.php?rest_route=\/wp\/v2\/media\/7106"}],"wp:attachment":[{"href":"https:\/\/partediario.com.ar\/index.php?rest_route=%2Fwp%2Fv2%2Fmedia&parent=7105"}],"wp:term":[{"taxonomy":"category","embeddable":true,"href":"https:\/\/partediario.com.ar\/index.php?rest_route=%2Fwp%2Fv2%2Fcategories&post=7105"},{"taxonomy":"post_tag","embeddable":true,"href":"https:\/\/partediario.com.ar\/index.php?rest_route=%2Fwp%2Fv2%2Ftags&post=7105"}],"curies":[{"name":"wp","href":"https:\/\/api.w.org\/{rel}","templated":true}]}}