{"id":7108,"date":"2024-09-09T20:28:57","date_gmt":"2024-09-09T23:28:57","guid":{"rendered":"https:\/\/partediario.com.ar\/?p=7108"},"modified":"2024-09-09T20:28:58","modified_gmt":"2024-09-09T23:28:58","slug":"el-humo-ya-se-ve-en-el-cielo-del-amba-y-hay-alerta-en-15-provincias","status":"publish","type":"post","link":"https:\/\/partediario.com.ar\/?p=7108","title":{"rendered":"El humo ya se ve en el cielo del AMBA y hay alerta en 15 provincias"},"content":{"rendered":"\n<h3 class=\"wp-block-heading\">La cortina de humo proveniente de los incendios que se desataron en el Amazonas y algunas regiones de Bolivia y Paraguay, lleg\u00f3 hoy al \u00c1rea Metropolitana de Buenos Aires (AMBA), simult\u00e1neamente, el Servicio Meteorol\u00f3gico Nacional (SMN) emiti\u00f3 una alerta para 15 provincias por visibilidad reducida.<\/h3>\n\n\n\n<p>\u00abSe esperan fen\u00f3menos que pueden representar inconvenientes o dificultades en el normal desenvolvimiento en la vida social\u00bb, detalla el organismo dependiente del Ministerio de Defensa.<\/p>\n\n\n\n<p>Las provincias bajo advertencia, situadas todas en la zona norte son Misiones, Corrientes, Formosa, Santiago del Estero y Chaco, as\u00ed como partes de Jujuy, Salta, Catamarca, Santa Fe, Entre R\u00edos y Tucum\u00e1n.<\/p>\n\n\n\n<p>Seg\u00fan el SMN, por el humo \u00abse esperan fen\u00f3menos que pueden representar inconvenientes o dificultades en el normal desenvolvimiento en la vida social\u00bb.<\/p>\n\n\n\n<p>La vocera del organismo, Cindy Fern\u00e1ndez, indic\u00f3 que el fen\u00f3meno \u00abpersistir\u00e1 hasta el mi\u00e9rcoles en la zona central de la Argentina\u00bb.<\/p>\n\n\n\n<p>En esa l\u00ednea, destac\u00f3 que Chaco, Formosa y Corrientes tuvieron presencia de humo entre el jueves y el viernes pasado, mientras que advirti\u00f3: \u201cSe incrementar\u00e1 en C\u00f3rdoba, Santa Fe y la zona norte de la provincia de Buenos Aires que incluye a toda el \u00c1rea Metropolitana\u201d.<\/p>\n\n\n\n<p>Por otra parte, el Gobierno del Estado Plurinacional de Bolivia declar\u00f3 la\u00bbemergencia nacional\u00bb, tras los incendios forestales que han afectado m\u00e1s de 3,8 millones de hect\u00e1reas de bosques y pastizales en el pa\u00eds vecino.<\/p>\n\n\n\n<p><\/p>\n\n\n\n<figure class=\"wp-block-image size-full\"><img loading=\"lazy\" decoding=\"async\" width=\"610\" height=\"406\" src=\"https:\/\/partediario.com.ar\/wp-content\/uploads\/humo-ambajpg.webp\" alt=\"\" class=\"wp-image-7110\" srcset=\"https:\/\/partediario.com.ar\/wp-content\/uploads\/humo-ambajpg.webp 610w, https:\/\/partediario.com.ar\/wp-content\/uploads\/humo-ambajpg-300x200.webp 300w\" sizes=\"auto, (max-width: 610px) 100vw, 610px\" \/><\/figure>\n\n\n\n<p><\/p>\n\n\n\n<p><strong>Las recomendaciones del SMN<\/strong><\/p>\n\n\n\n<p>La autoridad aconseja a la poblaci\u00f3n evitar actividades al aire libre, proteger las v\u00edas respiratorias y oculares, no circular en la v\u00eda p\u00fablica, pero, en caso de hacerlo, se deben tomar las precauciones necesarias en las rutas con baja visibilidad por humo.<\/p>\n\n\n\n<p>Tambi\u00e9n instan a los conductores a manejar despacio, que mantengan la distancia y usen las luces bajas.<\/p>\n","protected":false},"excerpt":{"rendered":"<p>La cortina de humo proveniente de los incendios que se desataron en el Amazonas y algunas regiones de Bolivia y Paraguay, lleg&oacute; hoy al &Aacute;rea Metropolitana de Buenos Aires (AMBA), simult&aacute;neamente, el Servicio Meteorol&oacute;gico Nacional (SMN) emiti&oacute; una alerta para 15 provincias por visibilidad reducida. &laquo;Se esperan fen&oacute;menos que pueden representar inconvenientes o dificultades en [&hellip;]<\/p>\n","protected":false},"author":2,"featured_media":7109,"comment_status":"open","ping_status":"open","sticky":false,"template":"","format":"standard","meta":{"footnotes":""},"categories":[5,726],"tags":[2186,388,3153],"class_list":["post-7108","post","type-post","status-publish","format-standard","has-post-thumbnail","hentry","category-nacionales","category-sociedad","tag-amba","tag-caba","tag-humo"],"_links":{"self":[{"href":"https:\/\/partediario.com.ar\/index.php?rest_route=\/wp\/v2\/posts\/7108","targetHints":{"allow":["GET"]}}],"collection":[{"href":"https:\/\/partediario.com.ar\/index.php?rest_route=\/wp\/v2\/posts"}],"about":[{"href":"https:\/\/partediario.com.ar\/index.php?rest_route=\/wp\/v2\/types\/post"}],"author":[{"embeddable":true,"href":"https:\/\/partediario.com.ar\/index.php?rest_route=\/wp\/v2\/users\/2"}],"replies":[{"embeddable":true,"href":"https:\/\/partediario.com.ar\/index.php?rest_route=%2Fwp%2Fv2%2Fcomments&post=7108"}],"version-history":[{"count":1,"href":"https:\/\/partediario.com.ar\/index.php?rest_route=\/wp\/v2\/posts\/7108\/revisions"}],"predecessor-version":[{"id":7111,"href":"https:\/\/partediario.com.ar\/index.php?rest_route=\/wp\/v2\/posts\/7108\/revisions\/7111"}],"wp:featuredmedia":[{"embeddable":true,"href":"https:\/\/partediario.com.ar\/index.php?rest_route=\/wp\/v2\/media\/7109"}],"wp:attachment":[{"href":"https:\/\/partediario.com.ar\/index.php?rest_route=%2Fwp%2Fv2%2Fmedia&parent=7108"}],"wp:term":[{"taxonomy":"category","embeddable":true,"href":"https:\/\/partediario.com.ar\/index.php?rest_route=%2Fwp%2Fv2%2Fcategories&post=7108"},{"taxonomy":"post_tag","embeddable":true,"href":"https:\/\/partediario.com.ar\/index.php?rest_route=%2Fwp%2Fv2%2Ftags&post=7108"}],"curies":[{"name":"wp","href":"https:\/\/api.w.org\/{rel}","templated":true}]}}