{"id":7118,"date":"2024-09-10T11:34:03","date_gmt":"2024-09-10T14:34:03","guid":{"rendered":"https:\/\/partediario.com.ar\/?p=7118"},"modified":"2024-09-10T11:34:03","modified_gmt":"2024-09-10T14:34:03","slug":"los-beneficiarios-del-monotributo-social-pagaran-el-50-de-su-obra-social","status":"publish","type":"post","link":"https:\/\/partediario.com.ar\/?p=7118","title":{"rendered":"Los beneficiarios del Monotributo Social pagar\u00e1n el 50% de su obra social"},"content":{"rendered":"\n<h3 class=\"wp-block-heading\">El Gobierno anunci\u00f3 que los beneficiarios del Monotributo Social comenzar\u00e1n a pagar el 50% del costo de su obra social por s\u00ed mismo y por cada incorporaci\u00f3n de adherentes, ser\u00e1 a partir de octubre.<\/h3>\n\n\n\n<p>Luego de lanzar un reempadronamiento durante septiembre para los beneficiarios del Monotributo Social que se encuentran incluidos en los programas Acompa\u00f1amiento Social, Volver al Trabajo y Microcr\u00e9dito, el Ministerio de Capital Humano avanza con los cambios en el r\u00e9gimen.<\/p>\n\n\n\n<p>Mediante la Resoluci\u00f3n 630\/2024 publicada este martes en el Bolet\u00edn Oficial, la cartera conducida por Sandra Pettovello, inform\u00f3 que los monotributistas sociales deber\u00e1n absorber el costo del 50% de la cobertura de la obra social, por lo que pasar\u00e1 a ser m\u00e1s caro tributar bajo dicho r\u00e9gimen.<\/p>\n\n\n\n<p>El texto oficial dispone que \u201cel titular que quiera seguir inscripto en la categor\u00eda tributaria optativa del Monotributo Social deber\u00e1 abonar el 50% del componente de la obra social por s\u00ed mismo y por cada incorporaci\u00f3n de adherentes, quedando exento de abonar el importe integrado y comput\u00e1ndose los aportes regulares para la Prestaci\u00f3n B\u00e1sica Universal del Sistema Integrado Previsional Argentino\u201d.<\/p>\n\n\n\n<p>En esa l\u00ednea derog\u00f3 \u201clas Resoluciones Nros. 2757 de fecha 7 de septiembre de 2011 y 1215 de fecha 2 de junio de 2014, ambas del entonces Ministerio de Desarrollo Social, ya que no han cumplido con los objetivos previstos y generan una erogaci\u00f3n presupuestaria que podr\u00eda ser destinada a una pol\u00edtica p\u00fablica social m\u00e1s efectiva\u201d.<\/p>\n\n\n\n<p>Cabe se\u00f1alar que las normas que quedaron sin efecto regulaban la asistencia estatal al monotributista social para fortalecer el desarrollo de emprendimientos de la econom\u00eda social por parte de los titulares de microcr\u00e9ditos.<\/p>\n\n\n\n<p>Al fundamentar la decisi\u00f3n, en el documento oficial, el Gobierno relativiz\u00f3 la funcionalidad del Monotributo Social aseverando que \u201cel n\u00famero de personas que se encuentran en la econom\u00eda informal no s\u00f3lo no ha disminuido, sino que ha aumentado y tampoco hay evidencia emp\u00edrica que demuestre un nexo de causalidad entre contar con un monotributo social y la mejora en la sostenibilidad y durabilidad de los emprendimientos financiados\u201d.<\/p>\n\n\n\n<p>Tambi\u00e9n se destac\u00f3 que \u201cactualmente, el Estado est\u00e1 realizando ingentes esfuerzos para reordenar las pol\u00edticas sociales, con el objetivo de lograr un uso eficiente de los recursos disponibles, con un enfoque integral, maximizando el impacto y las externalidades positivas\u201d.<\/p>\n","protected":false},"excerpt":{"rendered":"<p>El Gobierno anunci&oacute; que los beneficiarios del Monotributo Social comenzar&aacute;n a pagar el 50% del costo de su obra social por s&iacute; mismo y por cada incorporaci&oacute;n de adherentes, ser&aacute; a partir de octubre. Luego de lanzar un reempadronamiento durante septiembre para los beneficiarios del Monotributo Social que se encuentran incluidos en los programas Acompa&ntilde;amiento [&hellip;]<\/p>\n","protected":false},"author":2,"featured_media":7119,"comment_status":"open","ping_status":"open","sticky":false,"template":"","format":"standard","meta":{"footnotes":""},"categories":[5,176],"tags":[3160],"class_list":["post-7118","post","type-post","status-publish","format-standard","has-post-thumbnail","hentry","category-nacionales","category-politica","tag-monotributo-social"],"_links":{"self":[{"href":"https:\/\/partediario.com.ar\/index.php?rest_route=\/wp\/v2\/posts\/7118","targetHints":{"allow":["GET"]}}],"collection":[{"href":"https:\/\/partediario.com.ar\/index.php?rest_route=\/wp\/v2\/posts"}],"about":[{"href":"https:\/\/partediario.com.ar\/index.php?rest_route=\/wp\/v2\/types\/post"}],"author":[{"embeddable":true,"href":"https:\/\/partediario.com.ar\/index.php?rest_route=\/wp\/v2\/users\/2"}],"replies":[{"embeddable":true,"href":"https:\/\/partediario.com.ar\/index.php?rest_route=%2Fwp%2Fv2%2Fcomments&post=7118"}],"version-history":[{"count":1,"href":"https:\/\/partediario.com.ar\/index.php?rest_route=\/wp\/v2\/posts\/7118\/revisions"}],"predecessor-version":[{"id":7120,"href":"https:\/\/partediario.com.ar\/index.php?rest_route=\/wp\/v2\/posts\/7118\/revisions\/7120"}],"wp:featuredmedia":[{"embeddable":true,"href":"https:\/\/partediario.com.ar\/index.php?rest_route=\/wp\/v2\/media\/7119"}],"wp:attachment":[{"href":"https:\/\/partediario.com.ar\/index.php?rest_route=%2Fwp%2Fv2%2Fmedia&parent=7118"}],"wp:term":[{"taxonomy":"category","embeddable":true,"href":"https:\/\/partediario.com.ar\/index.php?rest_route=%2Fwp%2Fv2%2Fcategories&post=7118"},{"taxonomy":"post_tag","embeddable":true,"href":"https:\/\/partediario.com.ar\/index.php?rest_route=%2Fwp%2Fv2%2Ftags&post=7118"}],"curies":[{"name":"wp","href":"https:\/\/api.w.org\/{rel}","templated":true}]}}