{"id":7121,"date":"2024-09-10T11:40:11","date_gmt":"2024-09-10T14:40:11","guid":{"rendered":"https:\/\/partediario.com.ar\/?p=7121"},"modified":"2024-09-10T11:40:11","modified_gmt":"2024-09-10T14:40:11","slug":"aerolineas-argentinas-denunciara-a-los-gremios-aeronauticos-y-quiere-expulsar-a-pablo-biro","status":"publish","type":"post","link":"https:\/\/partediario.com.ar\/?p=7121","title":{"rendered":"Aerol\u00edneas Argentinas denunciar\u00e1 a los gremios aeron\u00e1uticos y quiere expulsar a Pablo Bir\u00f3"},"content":{"rendered":"\n<h3 class=\"wp-block-heading\">La aerol\u00ednea de bandera denunciar\u00e1 en la Justicia, a los gremios de pilotos y tripulantes de cabina por las medidas de fuerza adoptadas contra la compa\u00f1\u00eda e iniciar\u00e1 el proceso destinado a expulsar a Pablo Bir\u00f3, titular de APLA, del Directorio de la empresa, seg\u00fan se dio a conocer por medio de un comunicado.<\/h3>\n\n\n\n<p>\u201cLas recientes medidas de fuerza realizadas por los gremios APLA (pilotos) y AAA (tripulantes de cabina), originalmente denominadas \u00abasambleas informativas\u00bb para ocultar su naturaleza abusiva e ilegal, ya le provocaron a Aerol\u00edneas Argentinas p\u00e9rdidas por m\u00e1s de 2 millones de d\u00f3lares\u201d, reza el comunicado.<\/p>\n\n\n\n<p>Y a\u00f1ade que \u201ccomo consecuencia, la compa\u00f1\u00eda avanzar\u00e1 en una demanda a los gremios involucrados por los perjuicios ocasionados, principalmente por el lucro cesante de la operaci\u00f3n y por los reclamos de los pasajeros perjudicados. Adem\u00e1s se denunciar\u00e1 a los principales representantes de estos sindicatos como responsables de estas medidas: Pablo Bir\u00f3 por APLA, y Juan Pablo Brey por AAA\u201d.<\/p>\n\n\n\n<p>\u201cEl caso de Bir\u00f3 implica tambi\u00e9n una responsabilidad mayor por formar parte del Directorio de Aerol\u00edneas Argentinas. Es decir que por sus manifestaciones p\u00fablicas y su accionar directo en contra de los intereses de la compa\u00f1\u00eda, Bir\u00f3 actu\u00f3 en forma desleal en contra de la propia empresa y es responsable \u00abilimitada y solidariamente, por los da\u00f1os y perjuicios que resultaren de su acci\u00f3n u omisi\u00f3n\u00bb, seg\u00fan el art\u00edculo 59 de la Ley General de Sociedades\u201d, expresa el documento.<\/p>\n\n\n\n<p>Y adelanta que, \u201cpor esta raz\u00f3n, por pedido de la Secretar\u00eda de Transporte, accionista principal de la compa\u00f1\u00eda, se tomar\u00e1n las acciones necesarias para comenzar el proceso de expulsi\u00f3n de dicho \u00f3rgano\u201d.<\/p>\n\n\n\n<p>Tambi\u00e9n agrega \u201cya se realizaron m\u00e1s de 400 descuentos a pilotos, copilotos y tripulantes por incumplir con sus tareas y afectar la programaci\u00f3n de vuelos de la compa\u00f1\u00eda. Estos descuentos son de un promedio de 150 mil pesos por d\u00eda para pilotos, y de 50 mil pesos por d\u00eda para tripulantes\u201d.<\/p>\n\n\n\n<p>Finalzando, afirma que \u201cdesde Aerol\u00edneas Argentinas pondremos todo nuestro empe\u00f1o en evitar mayores complicaciones en los itinerarios de viaje de nuestros pasajeros, y continuaremos denunciando todo tipo de medida gremial que est\u00e9 deliberadamente dise\u00f1ada para perjudicarlos\u201d.<\/p>\n","protected":false},"excerpt":{"rendered":"<p>La aerol&iacute;nea de bandera denunciar&aacute; en la Justicia, a los gremios de pilotos y tripulantes de cabina por las medidas de fuerza adoptadas contra la compa&ntilde;&iacute;a e iniciar&aacute; el proceso destinado a expulsar a Pablo Bir&oacute;, titular de APLA, del Directorio de la empresa, seg&uacute;n se dio a conocer por medio de un comunicado. &ldquo;Las [&hellip;]<\/p>\n","protected":false},"author":2,"featured_media":7122,"comment_status":"open","ping_status":"open","sticky":false,"template":"","format":"standard","meta":{"footnotes":""},"categories":[978,979,5],"tags":[962,812,1880,3083],"class_list":["post-7121","post","type-post","status-publish","format-standard","has-post-thumbnail","hentry","category-gremiales","category-judiciales","category-nacionales","tag-aerolineas-argentinas","tag-denuncia","tag-gremios","tag-pablo-biro"],"_links":{"self":[{"href":"https:\/\/partediario.com.ar\/index.php?rest_route=\/wp\/v2\/posts\/7121","targetHints":{"allow":["GET"]}}],"collection":[{"href":"https:\/\/partediario.com.ar\/index.php?rest_route=\/wp\/v2\/posts"}],"about":[{"href":"https:\/\/partediario.com.ar\/index.php?rest_route=\/wp\/v2\/types\/post"}],"author":[{"embeddable":true,"href":"https:\/\/partediario.com.ar\/index.php?rest_route=\/wp\/v2\/users\/2"}],"replies":[{"embeddable":true,"href":"https:\/\/partediario.com.ar\/index.php?rest_route=%2Fwp%2Fv2%2Fcomments&post=7121"}],"version-history":[{"count":1,"href":"https:\/\/partediario.com.ar\/index.php?rest_route=\/wp\/v2\/posts\/7121\/revisions"}],"predecessor-version":[{"id":7123,"href":"https:\/\/partediario.com.ar\/index.php?rest_route=\/wp\/v2\/posts\/7121\/revisions\/7123"}],"wp:featuredmedia":[{"embeddable":true,"href":"https:\/\/partediario.com.ar\/index.php?rest_route=\/wp\/v2\/media\/7122"}],"wp:attachment":[{"href":"https:\/\/partediario.com.ar\/index.php?rest_route=%2Fwp%2Fv2%2Fmedia&parent=7121"}],"wp:term":[{"taxonomy":"category","embeddable":true,"href":"https:\/\/partediario.com.ar\/index.php?rest_route=%2Fwp%2Fv2%2Fcategories&post=7121"},{"taxonomy":"post_tag","embeddable":true,"href":"https:\/\/partediario.com.ar\/index.php?rest_route=%2Fwp%2Fv2%2Ftags&post=7121"}],"curies":[{"name":"wp","href":"https:\/\/api.w.org\/{rel}","templated":true}]}}